{"id":30863,"date":"2020-09-02T12:00:57","date_gmt":"2020-09-02T10:00:57","guid":{"rendered":"http:\/\/iuzb.de\/?p=30863"},"modified":"2020-12-16T13:22:37","modified_gmt":"2020-12-16T12:22:37","slug":"entwurf","status":"publish","type":"post","link":"https:\/\/iuzb.de\/?p=30863","title":{"rendered":"Stellungnahme der IUZB zur Aufarbeitung von fr\u00fcheren Missst\u00e4nden im gemeinsamen Fortbildungsinstitut der Landeszahn\u00e4rztekammern Berlin und Brandenburg"},"content":{"rendered":"<p>Sehr geehrter Herr Pr\u00e4sident Dr. Heegewaldt,<br \/>\nsehr geehrter Herr Vizepr\u00e4sident Dr. Dreyer,<\/p>\n<p>unter Bezugnahme auf Ihre Schreiben vom 27.11.2019 und 09.07.2020 an unseren IUZB Delegierten Herrn Klutke, sowie Ihre Einzelschreiben an alle Mitglieder der Delegiertenversammlung vom 21.08.2020, erkl\u00e4ren wir uns mit der beigef\u00fcgten<\/p>\n<ul>\n<li><a href=\"https:\/\/iuzb.de\/wp-content\/uploads\/2020\/09\/2020-09-02-Stellungnahme-zur-Aufarbeitung-von-frueheren-Missstaenden-im-PPI-An-Kammervorstand-ano.pdf\" target=\"_blank\" rel=\"noopener noreferrer\">&#8222;Stellungnahme der IUZB zur Aufarbeitung von fr\u00fcheren Missst\u00e4nden im gemeinsamen Fortbildungsinstitut der Landeszahn\u00e4rztekammern Berlin und Brandenburg&#8220;<\/a>.<\/li>\n<\/ul>\n<p>Mit freundlichen Gr\u00fc\u00dfen<\/p>\n<p><b>Gerhard Gneist<\/b><br \/>\nDelegierter &amp; Listenf\u00fchrer<br \/>\n1. Vorsitzender IUZB. e.V.<\/p>\n<p><b>Dr. Helmut Dohmeier-de Haan<\/b><br \/>\nDelegierter<br \/>\n2. Vorsitzender IUZB e.V.<\/p>\n<p>&nbsp;<\/p>\n<p><a href=\"https:\/\/iuzb.de\/wp-content\/uploads\/2020\/09\/2020-09-02-Stellungnahme-zur-Aufarbeitung-von-frueheren-Missstaenden-im-PPI-An-Kammervorstand-ano.pdf\"><img loading=\"lazy\" decoding=\"async\" class=\"size-full wp-image-30874 alignnone\" src=\"https:\/\/iuzb.de\/wp-content\/uploads\/2020\/09\/2020-09-02-Stellungnahme-zur-Aufarbeitung-von-frueheren-Missstaenden-im-PPI-An-Kammervorstand-ano-Bild.jpg\" alt=\"\" width=\"797\" height=\"1126\" \/><\/a><\/p>\n<p>&nbsp;<\/p>\n","protected":false},"excerpt":{"rendered":"<p>Sehr geehrter Herr Pr\u00e4sident Dr. Heegewaldt, sehr geehrter Herr Vizepr\u00e4sident Dr. Dreyer, unter Bezugnahme auf Ihre Schreiben vom 27.11.2019 und 09.07.2020 an unseren IUZB Delegierten Herrn Klutke, sowie Ihre Einzelschreiben [&#8230;]<\/p>\n","protected":false},"author":13,"featured_media":30868,"comment_status":"open","ping_status":"closed","sticky":false,"template":"","format":"standard","meta":{"ngg_post_thumbnail":0,"iawp_total_views":7,"footnotes":""},"categories":[242,46,260],"tags":[],"class_list":["post-30863","post","type-post","status-publish","format-standard","has-post-thumbnail","hentry","category-infobriefe","category-zahnaerztekammer-berlin","category-philipp-pfaff-institut-zahnaerztekammer-berlin"],"_links":{"self":[{"href":"https:\/\/iuzb.de\/index.php?rest_route=\/wp\/v2\/posts\/30863","targetHints":{"allow":["GET"]}}],"collection":[{"href":"https:\/\/iuzb.de\/index.php?rest_route=\/wp\/v2\/posts"}],"about":[{"href":"https:\/\/iuzb.de\/index.php?rest_route=\/wp\/v2\/types\/post"}],"author":[{"embeddable":true,"href":"https:\/\/iuzb.de\/index.php?rest_route=\/wp\/v2\/users\/13"}],"replies":[{"embeddable":true,"href":"https:\/\/iuzb.de\/index.php?rest_route=%2Fwp%2Fv2%2Fcomments&post=30863"}],"version-history":[{"count":9,"href":"https:\/\/iuzb.de\/index.php?rest_route=\/wp\/v2\/posts\/30863\/revisions"}],"predecessor-version":[{"id":30883,"href":"https:\/\/iuzb.de\/index.php?rest_route=\/wp\/v2\/posts\/30863\/revisions\/30883"}],"wp:featuredmedia":[{"embeddable":true,"href":"https:\/\/iuzb.de\/index.php?rest_route=\/wp\/v2\/media\/30868"}],"wp:attachment":[{"href":"https:\/\/iuzb.de\/index.php?rest_route=%2Fwp%2Fv2%2Fmedia&parent=30863"}],"wp:term":[{"taxonomy":"category","embeddable":true,"href":"https:\/\/iuzb.de\/index.php?rest_route=%2Fwp%2Fv2%2Fcategories&post=30863"},{"taxonomy":"post_tag","embeddable":true,"href":"https:\/\/iuzb.de\/index.php?rest_route=%2Fwp%2Fv2%2Ftags&post=30863"}],"curies":[{"name":"wp","href":"https:\/\/api.w.org\/{rel}","templated":true}]}}