{"id":30610,"date":"2020-07-18T08:23:51","date_gmt":"2020-07-18T06:23:51","guid":{"rendered":"http:\/\/iuzb.de\/?p=30610"},"modified":"2020-07-18T08:27:52","modified_gmt":"2020-07-18T06:27:52","slug":"einladung-zur-vertreterversammlung-des-vzb-am-22-08-2020","status":"publish","type":"post","link":"https:\/\/iuzb.de\/?p=30610","title":{"rendered":"VZB: Einladung zur Vertreterversammlung am 22.08.2020"},"content":{"rendered":"<ul>\n<li>8. ordentliche Vertreterversammlung des Versorgungswerkes der Zahn\u00e4rztekammer Berlin<\/li>\n<li>Samstag, 22. August 2020, 10:00 Uhr,<\/li>\n<li><a href=\"https:\/\/www.sofitel-berlin-kurfuerstendamm.com\/de\/\" target=\"_blank\" rel=\"noopener noreferrer\">Sofitel Berlin Kurf\u00fcrstendamm<\/a>, <a href=\"https:\/\/www.google.com\/maps\/place\/Augsburger+Str.+41,+10789+Berlin\/@52.502553,13.3298447,17z\/data=!3m1!4b1!4m5!3m4!1s0x47a850ff2b7502e3:0xceb8ade8aa96e538!8m2!3d52.502553!4d13.3320334\" target=\"_blank\" rel=\"noopener noreferrer\">Augsburger Stra\u00dfe 41, 10789 Berlin<\/a><\/li>\n<li>Die Sitzung ist f\u00fcr Mitglieder des Versorgungswerkes \u00f6ffentlich.<\/li>\n<\/ul>\n<p><span style=\"color: #ffffff;\">.<\/span><\/p>\n<p><span style=\"text-decoration: underline;\">Tagesordnung<\/span><\/p>\n<ol>\n<li>Begr\u00fc\u00dfung und Regularien<br \/>\n<span style=\"color: #ffffff;\">.<\/span><\/li>\n<li>Antr\u00e4ge<br \/>\n<span style=\"color: #ffffff;\">.<\/span><\/li>\n<li>Zusammenfassung des Berichtes \u00fcber das Kalenderjahr 2019 und Fragen zum Bericht<br \/>\n<span style=\"color: #ffffff;\">.<\/span><\/li>\n<li>Ausblick auf das Kalenderjahr 2020<br \/>\n<span style=\"color: #ffffff;\">.<\/span><\/li>\n<li>Verschiedenes<br \/>\na) Termine: 28. November 2020 10:00 Uhr Vertreterversammlung (Ort: KZV Berlin)<\/li>\n<\/ol>\n<p>&nbsp;<\/p>\n<p>gez. Dr. J\u00f6rg Meyer<br \/>\nvorsitzendes Mitglied der Vertreterversammlung<\/p>\n<p>gez. Dr. Ute J\u00f6decke<br \/>\nStellvertreterin<\/p>\n<p>&nbsp;<\/p>\n","protected":false},"excerpt":{"rendered":"<p>8. ordentliche Vertreterversammlung des Versorgungswerkes der Zahn\u00e4rztekammer Berlin Samstag, 22. August 2020, 10:00 Uhr, Sofitel Berlin Kurf\u00fcrstendamm, Augsburger Stra\u00dfe 41, 10789 Berlin Die Sitzung ist f\u00fcr Mitglieder des Versorgungswerkes \u00f6ffentlich. [&#8230;]<\/p>\n","protected":false},"author":13,"featured_media":0,"comment_status":"open","ping_status":"closed","sticky":false,"template":"","format":"standard","meta":{"ngg_post_thumbnail":0,"iawp_total_views":0,"footnotes":""},"categories":[87],"tags":[],"class_list":["post-30610","post","type-post","status-publish","format-standard","hentry","category-vertreterversammlung"],"_links":{"self":[{"href":"https:\/\/iuzb.de\/index.php?rest_route=\/wp\/v2\/posts\/30610","targetHints":{"allow":["GET"]}}],"collection":[{"href":"https:\/\/iuzb.de\/index.php?rest_route=\/wp\/v2\/posts"}],"about":[{"href":"https:\/\/iuzb.de\/index.php?rest_route=\/wp\/v2\/types\/post"}],"author":[{"embeddable":true,"href":"https:\/\/iuzb.de\/index.php?rest_route=\/wp\/v2\/users\/13"}],"replies":[{"embeddable":true,"href":"https:\/\/iuzb.de\/index.php?rest_route=%2Fwp%2Fv2%2Fcomments&post=30610"}],"version-history":[{"count":4,"href":"https:\/\/iuzb.de\/index.php?rest_route=\/wp\/v2\/posts\/30610\/revisions"}],"predecessor-version":[{"id":30614,"href":"https:\/\/iuzb.de\/index.php?rest_route=\/wp\/v2\/posts\/30610\/revisions\/30614"}],"wp:attachment":[{"href":"https:\/\/iuzb.de\/index.php?rest_route=%2Fwp%2Fv2%2Fmedia&parent=30610"}],"wp:term":[{"taxonomy":"category","embeddable":true,"href":"https:\/\/iuzb.de\/index.php?rest_route=%2Fwp%2Fv2%2Fcategories&post=30610"},{"taxonomy":"post_tag","embeddable":true,"href":"https:\/\/iuzb.de\/index.php?rest_route=%2Fwp%2Fv2%2Ftags&post=30610"}],"curies":[{"name":"wp","href":"https:\/\/api.w.org\/{rel}","templated":true}]}}