{"id":30434,"date":"2020-06-30T09:29:57","date_gmt":"2020-06-30T07:29:57","guid":{"rendered":"http:\/\/iuzb.de\/?p=30434"},"modified":"2020-06-30T09:30:42","modified_gmt":"2020-06-30T07:30:42","slug":"vzb-investment-logistik-aves-one-ag-aufsichtsrat-bestellt-sven-meissner-fuer-weitere-drei-jahre-zum-vorstand","status":"publish","type":"post","link":"https:\/\/iuzb.de\/?p=30434","title":{"rendered":"VZB Investment Logistik: Aves One AG: Aufsichtsrat bestellt Sven Mei\u00dfner f\u00fcr weitere drei Jahre zum Vorstand"},"content":{"rendered":"<p style=\"text-align: justify;\">Der Aufsichtsrat der Aves One AG hat das Vorstandsmitglied Sven Mei\u00dfner f\u00fcr weitere drei Jahre zum Vorstand bestellt. Der Bestellungszeitraum reicht bis zum 30. Juni 2023. Damit wird das gesamte Vorstandsteam langfristig den Wachstumskurs der Aves One AG weiter pr\u00e4gen. Die weiteren Vorstandsmitglieder Tobias Aulich und J\u00fcrgen Bauer sind noch bis Ende des Jahres 2022 bestellt.<\/p>\n<p style=\"text-align: justify;\">\u201eIch freue mich sehr, auch k\u00fcnftig gemeinsam mit meinen Vorstandskollegen meinen Beitrag zur erfolgreichen Entwicklung der Aves One zu leisten. Ich bin \u00fcberzeugt davon, dass sich die Gesellschaft mit dem Fokus ihrer Gesch\u00e4ftst\u00e4tigkeit in den kommenden Jahren hervorragend weiterentwickeln kann\u201c, sagt Sven Mei\u00dfner, Mitglied des Vorstands der Aves One AG. Herr Mei\u00dfner ist bereits seit der Gr\u00fcndung bei der Aves One AG t\u00e4tig. Im Februar 2018 wurde Herr Mei\u00dfner in den Vorstand berufen.<\/p>\n<p style=\"text-align: justify;\">\u201eSven Mei\u00dfner hat seit den ersten Investitionen der Aves One in Logistik-Assets vor rund sieben Jahren ma\u00dfgeblich zum Erfolg beigetragen. Mit der Vertragsverl\u00e4ngerung von Herrn Mei\u00dfner stellen wir Kontinuit\u00e4t im Management sicher und sehen uns f\u00fcr die Zukunft bestens aufgestellt\u201c, kommentiert Ralf Wohltmann, Vorsitzender des Aufsichtsrats der Aves One AG, die Neubestellung.<\/p>\n<p>Quelle: Aves One AG, <a href=\"https:\/\/www.avesone.com\/de\/news\/cn_200629_de.php\" target=\"_blank\" rel=\"noopener noreferrer\">Pressemitteilung<\/a> vom 29.06.2020<\/p>\n<p>&nbsp;<\/p>\n<p>&nbsp;<\/p>\n<p>___________________<\/p>\n<p>Hintergrund betreffend VZB:<\/p>\n<p>Das Versorgungswerk der Zahn\u00e4rztekammer Berlin (VZB) ist gem\u00e4\u00df <a href=\"https:\/\/www.avesone.com\/de\/aves_investoren_aktie_aktionaersstruktur.php\" target=\"_blank\" rel=\"noopener noreferrer\">Aktion\u00e4rsstruktur<\/a> mit 20,66 % der Gesamtstimmrechtsanteile an der Aktiengesellschaft beteiligt. Herr Ralf Wohltmann (<a href=\"https:\/\/www.vzberlin.org\/ansprechpartner.php\" target=\"_blank\" rel=\"noopener noreferrer\">Direktor<\/a> des VZB) ist <a href=\"https:\/\/www.avesone.com\/de\/aves_unternehmen_management_team.php\" target=\"_blank\" rel=\"noopener noreferrer\">Aufsichtsratsvorsitzender<\/a> der Aves One AG.<\/p>\n<p>Die Aves One AG geh\u00f6rt zum Einflussbereich eines Hamburger Kaufmanns, mit welchem das Versorgungswerk \u00fcber das <a href=\"https:\/\/iuzb.de\/?cat=249\" target=\"_blank\" rel=\"noopener noreferrer\">VZB Investment Magna Immobilien<\/a> ebenfalls gesch\u00e4ftlich verbunden ist.<\/p>\n","protected":false},"excerpt":{"rendered":"<p>Der Aufsichtsrat der Aves One AG hat das Vorstandsmitglied Sven Mei\u00dfner f\u00fcr weitere drei Jahre zum Vorstand bestellt. Der Bestellungszeitraum reicht bis zum 30. Juni 2023. Damit wird das gesamte [&#8230;]<\/p>\n","protected":false},"author":13,"featured_media":0,"comment_status":"open","ping_status":"closed","sticky":false,"template":"","format":"standard","meta":{"ngg_post_thumbnail":0,"iawp_total_views":1,"footnotes":""},"categories":[222,47],"tags":[],"class_list":["post-30434","post","type-post","status-publish","format-standard","hentry","category-invesntment-logistik","category-versorgungswerk-vzb"],"_links":{"self":[{"href":"https:\/\/iuzb.de\/index.php?rest_route=\/wp\/v2\/posts\/30434","targetHints":{"allow":["GET"]}}],"collection":[{"href":"https:\/\/iuzb.de\/index.php?rest_route=\/wp\/v2\/posts"}],"about":[{"href":"https:\/\/iuzb.de\/index.php?rest_route=\/wp\/v2\/types\/post"}],"author":[{"embeddable":true,"href":"https:\/\/iuzb.de\/index.php?rest_route=\/wp\/v2\/users\/13"}],"replies":[{"embeddable":true,"href":"https:\/\/iuzb.de\/index.php?rest_route=%2Fwp%2Fv2%2Fcomments&post=30434"}],"version-history":[{"count":1,"href":"https:\/\/iuzb.de\/index.php?rest_route=\/wp\/v2\/posts\/30434\/revisions"}],"predecessor-version":[{"id":30445,"href":"https:\/\/iuzb.de\/index.php?rest_route=\/wp\/v2\/posts\/30434\/revisions\/30445"}],"wp:attachment":[{"href":"https:\/\/iuzb.de\/index.php?rest_route=%2Fwp%2Fv2%2Fmedia&parent=30434"}],"wp:term":[{"taxonomy":"category","embeddable":true,"href":"https:\/\/iuzb.de\/index.php?rest_route=%2Fwp%2Fv2%2Fcategories&post=30434"},{"taxonomy":"post_tag","embeddable":true,"href":"https:\/\/iuzb.de\/index.php?rest_route=%2Fwp%2Fv2%2Ftags&post=30434"}],"curies":[{"name":"wp","href":"https:\/\/api.w.org\/{rel}","templated":true}]}}