{"id":30371,"date":"2020-06-09T13:50:58","date_gmt":"2020-06-09T11:50:58","guid":{"rendered":"http:\/\/iuzb.de\/?p=30371"},"modified":"2020-09-22T19:36:25","modified_gmt":"2020-09-22T17:36:25","slug":"aufruf-zur-bildung-der-iuzb-wahlliste-zur-kammerwahl-2020","status":"publish","type":"post","link":"https:\/\/iuzb.de\/?p=30371","title":{"rendered":"AUFRUF zur Bildung der IUZB Wahlliste zur Kammerwahl 2020"},"content":{"rendered":"<p><img loading=\"lazy\" decoding=\"async\" class=\"alignnone size-full wp-image-31223\" src=\"https:\/\/iuzb.de\/wp-content\/uploads\/2020\/06\/IUZB-Die-bessere-Wahl-Webseite-300-png.png\" alt=\"\" width=\"300\" height=\"211\" srcset=\"https:\/\/iuzb.de\/wp-content\/uploads\/2020\/06\/IUZB-Die-bessere-Wahl-Webseite-300-png.png 300w, https:\/\/iuzb.de\/wp-content\/uploads\/2020\/06\/IUZB-Die-bessere-Wahl-Webseite-300-png-171x120.png 171w\" sizes=\"auto, (max-width: 300px) 100vw, 300px\" \/><\/p>\n<p>&nbsp;<\/p>\n<p><strong>Liebe IUZB&#8217;ler und liebe Freunde<\/strong>,<\/p>\n<p>wir beginnen jetzt mit der Bildung unserer Wahlliste zur Kammerwahl in der Zeit vom 18. November 2020 bis 02. Dezember 2020.<\/p>\n<p>Wir haben den Wunsch, erneut wieder die Wahlliste mit den meisten Bewerber*innen aufzustellen.<\/p>\n<p>Wir hoffen sehr, dass Ihr alle mitmacht. Denn <strong>die letzten vier Jahre haben gezeigt, dass eine starke IUZB in der Kammer so wichtig ist, wie niemals zuvor<\/strong>.<\/p>\n<p>Anliegend erhaltet Ihr als pdf<\/p>\n<ul>\n<li>Eure <a href=\"https:\/\/iuzb.de\/wp-content\/uploads\/2020\/06\/Kammerwahl-2020-IUZB-Einverst\u00e4ndniserkl\u00e4rung-Bewerber.pdf\" target=\"_blank\" rel=\"noopener noreferrer\">Einverst\u00e4ndniserkl\u00e4rung<\/a> zur Aufnahme in unsere Wahlliste als Bewerber.<br \/>\nund<\/li>\n<li>Eure <a href=\"https:\/\/iuzb.de\/wp-content\/uploads\/2020\/06\/Kammerwahl-2020-IUZB-Unterst\u00fczungserkl\u00e4rung.pdf\" target=\"_blank\" rel=\"noopener noreferrer\">Unterst\u00fctzungserkl\u00e4rung<\/a> f\u00fcr unsere Wahlliste, wobei jeder Bewerber gleichzeitig auch Unterst\u00fctzer sein kann.<\/li>\n<\/ul>\n<p>Wir wollen wie immer flink sein. &#8211; Bitte f\u00fcllt m\u00f6glichst BEIDE Erkl\u00e4rungen aus und schickt Sie alsbald im Original per Briefpost an mich:<\/p>\n<p style=\"padding-left: 40px;\"><strong>Zahnarzt<\/strong><br \/>\n<strong>Gerhard Gneist<\/strong><br \/>\n<strong>Spie\u00dfweg 35<\/strong><br \/>\n<strong>13437 Berlin-Wittenau<\/strong><\/p>\n<p>Ach ja, f\u00fcr die Aufnahme in unsere Wahlliste ist eine Vereinsmitgliedschaft nicht zwingend notwendig! Wer will, der kann gerne bei uns mitmachen, von daher richtet sich dieser Aufruf an die gesamte Zahn\u00e4rzteschaft in Berlin.<\/p>\n<p>Auf geht&#8217;s!<\/p>\n<p><strong>Herzliche Gr\u00fc\u00dfe<\/strong><\/p>\n<p><strong><img loading=\"lazy\" decoding=\"async\" class=\"size-full wp-image-16500 alignleft\" src=\"https:\/\/iuzb.de\/wp-content\/uploads\/2013\/08\/Gerhard-Gneist-klein-150.jpg\" alt=\"\" width=\"150\" height=\"200\" \/><\/strong><\/p>\n<p>&nbsp;<\/p>\n<p>&nbsp;<\/p>\n<p><strong>Euer<br \/>\nGerhard Gneist<\/strong><br \/>\n<span style=\"font-size: 10pt;\"><br \/>\nTelefon 0173 65 64 726<\/span><\/p>\n<p>&nbsp;<\/p>\n","protected":false},"excerpt":{"rendered":"<p>&nbsp; Liebe IUZB&#8217;ler und liebe Freunde, wir beginnen jetzt mit der Bildung unserer Wahlliste zur Kammerwahl in der Zeit vom 18. November 2020 bis 02. Dezember 2020. Wir haben den [&#8230;]<\/p>\n","protected":false},"author":8,"featured_media":31225,"comment_status":"open","ping_status":"closed","sticky":false,"template":"","format":"standard","meta":{"ngg_post_thumbnail":0,"iawp_total_views":2,"footnotes":""},"categories":[48,266,46],"tags":[],"class_list":["post-30371","post","type-post","status-publish","format-standard","has-post-thumbnail","hentry","category-iuzb","category-kammerwahl-2020","category-zahnaerztekammer-berlin"],"_links":{"self":[{"href":"https:\/\/iuzb.de\/index.php?rest_route=\/wp\/v2\/posts\/30371","targetHints":{"allow":["GET"]}}],"collection":[{"href":"https:\/\/iuzb.de\/index.php?rest_route=\/wp\/v2\/posts"}],"about":[{"href":"https:\/\/iuzb.de\/index.php?rest_route=\/wp\/v2\/types\/post"}],"author":[{"embeddable":true,"href":"https:\/\/iuzb.de\/index.php?rest_route=\/wp\/v2\/users\/8"}],"replies":[{"embeddable":true,"href":"https:\/\/iuzb.de\/index.php?rest_route=%2Fwp%2Fv2%2Fcomments&post=30371"}],"version-history":[{"count":7,"href":"https:\/\/iuzb.de\/index.php?rest_route=\/wp\/v2\/posts\/30371\/revisions"}],"predecessor-version":[{"id":31224,"href":"https:\/\/iuzb.de\/index.php?rest_route=\/wp\/v2\/posts\/30371\/revisions\/31224"}],"wp:featuredmedia":[{"embeddable":true,"href":"https:\/\/iuzb.de\/index.php?rest_route=\/wp\/v2\/media\/31225"}],"wp:attachment":[{"href":"https:\/\/iuzb.de\/index.php?rest_route=%2Fwp%2Fv2%2Fmedia&parent=30371"}],"wp:term":[{"taxonomy":"category","embeddable":true,"href":"https:\/\/iuzb.de\/index.php?rest_route=%2Fwp%2Fv2%2Fcategories&post=30371"},{"taxonomy":"post_tag","embeddable":true,"href":"https:\/\/iuzb.de\/index.php?rest_route=%2Fwp%2Fv2%2Ftags&post=30371"}],"curies":[{"name":"wp","href":"https:\/\/api.w.org\/{rel}","templated":true}]}}