{"id":30329,"date":"2020-10-22T17:14:54","date_gmt":"2020-10-22T15:14:54","guid":{"rendered":"http:\/\/iuzb.de\/?p=30329"},"modified":"2020-12-01T21:10:31","modified_gmt":"2020-12-01T20:10:31","slug":"zeigen-wir-es-ihnen-mit-unserem-wahlzettel","status":"publish","type":"post","link":"https:\/\/iuzb.de\/?p=30329","title":{"rendered":"&#8222;Zeigen wir es ihnen &#8211; mit unserem Wahlzettel!&#8220;"},"content":{"rendered":"<p><img loading=\"lazy\" decoding=\"async\" class=\"alignnone size-full wp-image-31227\" src=\"https:\/\/iuzb.de\/wp-content\/uploads\/2020\/06\/IUZB-Die-bessere-Wahl-Webseite-300-png-1.png\" alt=\"\" width=\"300\" height=\"211\" srcset=\"https:\/\/iuzb.de\/wp-content\/uploads\/2020\/06\/IUZB-Die-bessere-Wahl-Webseite-300-png-1.png 300w, https:\/\/iuzb.de\/wp-content\/uploads\/2020\/06\/IUZB-Die-bessere-Wahl-Webseite-300-png-1-171x120.png 171w\" sizes=\"auto, (max-width: 300px) 100vw, 300px\" \/><\/p>\n<p>&nbsp;<\/p>\n<blockquote>\n<p style=\"text-align: justify;\"><strong>&#8222;Zeigen wir es Ihnen!&#8220; &#8230;<\/strong><\/p>\n<\/blockquote>\n<p style=\"text-align: justify;\">&#8230; meint der &#8222;Verband der Zahn\u00e4rztinnen und Zahn\u00e4rzte von Berlin&#8220; (VdZuZvB) in seinem Artikel &#8222;<a href=\"https:\/\/www.zahnaerzteverband-berlin.de\/sind-50-genug\/\">Sind 50% genug?<\/a>&#8220; unter Verweis auf die anstehende Kammerwahl und zieht folgendes<\/p>\n<blockquote><p><em>Fazit: <strong>dass wir keine Wertsch\u00e4tzung<\/strong> <strong>seitens<\/strong> der Bundesregierung und schon gar nicht <strong>des Senates haben<\/strong> <strong>ist ja bekannt, aber eine geringe Wertsch\u00e4tzung zu unserer eigenen Selbstverwaltung ist nicht zu verstehen<\/strong>.<\/em><\/p><\/blockquote>\n<p style=\"text-align: justify;\"><span style=\"text-decoration: underline;\">Wir meinen dazu:<\/span><\/p>\n<p style=\"text-align: justify;\">Im Land Berlin stellen der VdZuZvB und der FVDZ in allen unseren K\u00f6rperschaften die Vorst\u00e4nde und diese und deren Verb\u00e4nde haben es unterlassen, durch pers\u00f6nliche Glaubw\u00fcrdigkeit eine solide Basis f\u00fcr eine vertrauensvolle Zusammenarbeit mit dem Berliner Senat und den Landesparteien zu legen.<\/p>\n<p style=\"text-align: justify;\">Pr\u00e4sident Heegewaldt und Vizepr\u00e4sident Dreyer treten seit Jahren von einem Fettn\u00e4pfchen ins n\u00e4chste. Nur einige Beispiele:<\/p>\n<ul style=\"text-align: justify;\">\n<li>die <strong>Borniertheit<\/strong> des Artikels &#8222;<a href=\"https:\/\/www.kzv-berlin.de\/fileadmin\/user_upload\/Praxis-Service\/3_Publikationen\/2_MBZ\/2017\/MBZ_07_08_2017.pdf\">Gegen eine staatliche G\u00e4ngelung der Zahnarztpraxen&#8220;<\/a>, mit welchem die Mitarbeiter des Landesamts f\u00fcr Gesundheit vor den Kopf gesto\u00dfen und so von heute auf morgen eine \u00fcber Jahrzehnte m\u00fchsam aufgebaute gute Arbeitsbeziehung zerst\u00f6rt wurde,<\/li>\n<li>die <strong>Dreistig- und Taktlosigkeit<\/strong>, junge Menschen ernsthaft mit dem Werbeclaim \u201e<a href=\"https:\/\/iuzb.de\/?s=Doktorspiele\" target=\"_blank\" rel=\"noopener noreferrer\">Bock auf Doktorspiele<\/a>\u201c f\u00fcr den Ausbildungsberuf der\/des ZFA begeistern zu wollen,<\/li>\n<li>das <strong>Unverm\u00f6gen<\/strong>, etwas so simples wie die <a href=\"https:\/\/iuzb.de\/?cat=262\">Mitgliederdatenbank<\/a> der Kammer ordentlich zu pflegen,<\/li>\n<li>die <strong>Verwirrung<\/strong>, erst einen <a href=\"https:\/\/iuzb.de\/?cat=234\" target=\"_blank\" rel=\"noopener noreferrer\">XXL-Umzug<\/a> als unbedingt notwendig zu postulieren, um diesen dann auf unseren Druck hin pl\u00f6tzlich doch als nicht mehr notwendig fallen zu lassen,<\/li>\n<li><strong>Intransparenz und Mangelhaftgkeit<\/strong> im <a href=\"https:\/\/iuzb.de\/?cat=260\" target=\"_blank\" rel=\"noopener noreferrer\">Pfaff Institut:<\/a> <a href=\"https:\/\/iuzb.de\/?p=29036\" target=\"_blank\" rel=\"noopener noreferrer\">330.000 Euro wurden geklaut<\/a>, aber sich weigern der Delegiertenversammlung vollst\u00e4ndige Gesch\u00e4ftsberichte vorzulegen, so dass wir uns die Zahlen aus dem <a href=\"https:\/\/iuzb.de\/?p=29400\" target=\"_blank\" rel=\"noopener noreferrer\">Bundesanzeiger<\/a> ziehen m\u00fcsen, dazu noch eine <a href=\"https:\/\/iuzb.de\/?p=29321\" target=\"_blank\" rel=\"noopener noreferrer\">fragw\u00fcrdige Ehrung<\/a>,<\/li>\n<li>die <strong>Weigerung<\/strong>, sich transparent mit dem <a href=\"https:\/\/iuzb.de\/?cat=251\" target=\"_blank\" rel=\"noopener noreferrer\">bisherigen Namensgeber der Ehrungsmedaille<\/a> der Kammer auseinanderzusetzen, erst nutzt man ihn, dann schmei\u00dft man ihn heimlich weg,<\/li>\n<li>ebenso die <strong>Verweigerung<\/strong>, sich von einem <a href=\"https:\/\/iuzb.de\/?s=Radtke\">AfD Funktion\u00e4r<\/a> aus den eigenen (erz)konservativen Reihen zu distanzieren.<\/li>\n<\/ul>\n<p>Und in der KZV sieht es auch nicht besser aus:<\/p>\n<ul style=\"text-align: justify;\">\n<li><strong>Kriegsf\u00fchrung<\/strong> der KZV gegen die Senatsaufsicht <a href=\"https:\/\/iuzb.de\/?p=29085\">bis vor das Bundesssozialgericht<\/a>, auf Kosten der Kollegenschaft, um zus\u00e4tzlich zu einem <a href=\"https:\/\/iuzb.de\/?p=29498\">schon f\u00fcrstlichen Gehalt<\/a> f\u00fcr den Vorstand r\u00fcckwirkend noch weitere Zusatzleistungen zu vergeben,<\/li>\n<li>die<strong> Hilflosigkeit<\/strong> <strong>und<\/strong> die <strong>Flucht<\/strong> ins Home-Office in der Corona-Krise &#8211; oder f\u00fchlten Sie sich in den letzten Monaten von Kammer und KZV gut unterst\u00fctzt?<\/li>\n<\/ul>\n<p><strong>Und, und, und&#8230;<\/strong>.<\/p>\n<p style=\"text-align: justify;\">Mit solchen Funktion\u00e4ren kann unsere Selbstverwaltung nat\u00fcrlich in der politischen Landschaft keine Wertsch\u00e4tzung erzielen. Solche Funktion\u00e4re schaden unserer Selbstverwaltung.<\/p>\n<p style=\"text-align: justify;\">Wir meinen daher:<\/p>\n<p style=\"text-align: justify;\"><span style=\"font-size: 14pt;\"><em>&#8222;<strong>Zeigen wir es ihnen &#8211; mit unserem Wahlzettel!&#8220;<\/strong><\/em><\/span><\/p>\n<p style=\"text-align: justify;\"><a href=\"https:\/\/iuzb.de\/wp-content\/uploads\/2013\/08\/Gerhard-Gneist-klein-150.jpg\"><img loading=\"lazy\" decoding=\"async\" class=\"size-full wp-image-16500 alignleft\" src=\"https:\/\/iuzb.de\/wp-content\/uploads\/2013\/08\/Gerhard-Gneist-klein-150.jpg\" alt=\"\" width=\"150\" height=\"200\" \/><\/a><\/p>\n<p>&nbsp;<\/p>\n<p>&nbsp;<\/p>\n<p><strong>Gerhard Gneist<\/strong><br \/>\n1. Vorsitzender IUZB e.V.<\/p>\n<p>&nbsp;<\/p>\n","protected":false},"excerpt":{"rendered":"<p>&nbsp; &#8222;Zeigen wir es Ihnen!&#8220; &#8230; &#8230; meint der &#8222;Verband der Zahn\u00e4rztinnen und Zahn\u00e4rzte von Berlin&#8220; (VdZuZvB) in seinem Artikel &#8222;Sind 50% genug?&#8220; unter Verweis auf die anstehende Kammerwahl und [&#8230;]<\/p>\n","protected":false},"author":8,"featured_media":31516,"comment_status":"open","ping_status":"closed","sticky":false,"template":"","format":"standard","meta":{"ngg_post_thumbnail":0,"iawp_total_views":13,"footnotes":""},"categories":[242,266,46],"tags":[],"class_list":["post-30329","post","type-post","status-publish","format-standard","has-post-thumbnail","hentry","category-infobriefe","category-kammerwahl-2020","category-zahnaerztekammer-berlin"],"_links":{"self":[{"href":"https:\/\/iuzb.de\/index.php?rest_route=\/wp\/v2\/posts\/30329","targetHints":{"allow":["GET"]}}],"collection":[{"href":"https:\/\/iuzb.de\/index.php?rest_route=\/wp\/v2\/posts"}],"about":[{"href":"https:\/\/iuzb.de\/index.php?rest_route=\/wp\/v2\/types\/post"}],"author":[{"embeddable":true,"href":"https:\/\/iuzb.de\/index.php?rest_route=\/wp\/v2\/users\/8"}],"replies":[{"embeddable":true,"href":"https:\/\/iuzb.de\/index.php?rest_route=%2Fwp%2Fv2%2Fcomments&post=30329"}],"version-history":[{"count":31,"href":"https:\/\/iuzb.de\/index.php?rest_route=\/wp\/v2\/posts\/30329\/revisions"}],"predecessor-version":[{"id":31228,"href":"https:\/\/iuzb.de\/index.php?rest_route=\/wp\/v2\/posts\/30329\/revisions\/31228"}],"wp:featuredmedia":[{"embeddable":true,"href":"https:\/\/iuzb.de\/index.php?rest_route=\/wp\/v2\/media\/31516"}],"wp:attachment":[{"href":"https:\/\/iuzb.de\/index.php?rest_route=%2Fwp%2Fv2%2Fmedia&parent=30329"}],"wp:term":[{"taxonomy":"category","embeddable":true,"href":"https:\/\/iuzb.de\/index.php?rest_route=%2Fwp%2Fv2%2Fcategories&post=30329"},{"taxonomy":"post_tag","embeddable":true,"href":"https:\/\/iuzb.de\/index.php?rest_route=%2Fwp%2Fv2%2Ftags&post=30329"}],"curies":[{"name":"wp","href":"https:\/\/api.w.org\/{rel}","templated":true}]}}