{"id":30198,"date":"2020-05-13T08:22:05","date_gmt":"2020-05-13T06:22:05","guid":{"rendered":"http:\/\/iuzb.de\/?p=30198"},"modified":"2020-05-30T22:51:33","modified_gmt":"2020-05-30T20:51:33","slug":"zaek-berlin-einladung-zur-delegiertenversammlung-am-29-05-2020","status":"publish","type":"post","link":"https:\/\/iuzb.de\/?p=30198","title":{"rendered":"Z\u00c4K Berlin: Einladung zur Delegiertenversammlung am 28.05.2020"},"content":{"rendered":"<ul>\n<li>Donnerstag, 28. Mai 2020<\/li>\n<li>19:00 Uhr c.t.<\/li>\n<li>Langebeck-Virchow-Haus, <a href=\"https:\/\/www.google.com\/maps\/place\/Luisenstra%C3%9Fe+59,+10117+Berlin\/@52.5262895,13.3768108,17z\/data=!3m1!4b1!4m5!3m4!1s0x47a851eace0dfc07:0x8d0e6f5346bcbbe8!8m2!3d52.5262895!4d13.3789995\" target=\"_blank\" rel=\"noopener noreferrer\">Luisenstra\u00dfe 59, 10117 Berlin<\/a><\/li>\n<li>ACHTUNG:<\/li>\n<\/ul>\n<p><a href=\"https:\/\/iuzb.de\/wp-content\/uploads\/2020\/05\/2020-05-07-Z\u00c4K-Berlin-Einladung-zur-Delegiertenversammlung-am-28.05.2020-Hinweis.jpg\" target=\"_blank\" rel=\"noopener noreferrer\"><img loading=\"lazy\" decoding=\"async\" class=\"alignnone wp-image-30203\" src=\"https:\/\/iuzb.de\/wp-content\/uploads\/2020\/05\/2020-05-07-Z\u00c4K-Berlin-Einladung-zur-Delegiertenversammlung-am-28.05.2020-Hinweis.jpg\" alt=\"\" width=\"840\" height=\"143\" srcset=\"https:\/\/iuzb.de\/wp-content\/uploads\/2020\/05\/2020-05-07-Z\u00c4K-Berlin-Einladung-zur-Delegiertenversammlung-am-28.05.2020-Hinweis.jpg 1200w, https:\/\/iuzb.de\/wp-content\/uploads\/2020\/05\/2020-05-07-Z\u00c4K-Berlin-Einladung-zur-Delegiertenversammlung-am-28.05.2020-Hinweis-450x77.jpg 450w, https:\/\/iuzb.de\/wp-content\/uploads\/2020\/05\/2020-05-07-Z\u00c4K-Berlin-Einladung-zur-Delegiertenversammlung-am-28.05.2020-Hinweis-330x56.jpg 330w, https:\/\/iuzb.de\/wp-content\/uploads\/2020\/05\/2020-05-07-Z\u00c4K-Berlin-Einladung-zur-Delegiertenversammlung-am-28.05.2020-Hinweis-768x131.jpg 768w\" sizes=\"auto, (max-width: 840px) 100vw, 840px\" \/><\/a><\/p>\n<p><span style=\"text-decoration: underline;\">Tagesordnung:<\/span><\/p>\n<ol>\n<li>Begr\u00fc\u00dfung, Ehrung Verstorbener<\/li>\n<li>Protokollgenehmigung, Einspr\u00fcche<\/li>\n<li>Bericht des Vorstandes<\/li>\n<li><strong>Bericht Philipp-Pfaff-Institut<\/strong> (Gesch\u00e4ftsjahr 2019)<\/li>\n<li><strong>Bericht Versorgungswerk Berlin<\/strong><\/li>\n<li>Nachwahl Gutachter KFO, Herrn Dr. Thomas Michael, Herrn Prof. Dr. Paul-Georg Jost-Brinkmann<\/li>\n<li>Fragestunde<\/li>\n<li>Antr\u00e4ge<\/li>\n<li>Verschiedenes<\/li>\n<\/ol>\n","protected":false},"excerpt":{"rendered":"<p>Donnerstag, 28. Mai 2020 19:00 Uhr c.t. Langebeck-Virchow-Haus, Luisenstra\u00dfe 59, 10117 Berlin ACHTUNG: Tagesordnung: Begr\u00fc\u00dfung, Ehrung Verstorbener Protokollgenehmigung, Einspr\u00fcche Bericht des Vorstandes Bericht Philipp-Pfaff-Institut (Gesch\u00e4ftsjahr 2019) Bericht Versorgungswerk Berlin Nachwahl [&#8230;]<\/p>\n","protected":false},"author":13,"featured_media":0,"comment_status":"open","ping_status":"closed","sticky":false,"template":"","format":"standard","meta":{"ngg_post_thumbnail":0,"iawp_total_views":16,"footnotes":""},"categories":[91,47,46,260],"tags":[],"class_list":["post-30198","post","type-post","status-publish","format-standard","hentry","category-delegiertenversammlung","category-versorgungswerk-vzb","category-zahnaerztekammer-berlin","category-philipp-pfaff-institut-zahnaerztekammer-berlin"],"_links":{"self":[{"href":"https:\/\/iuzb.de\/index.php?rest_route=\/wp\/v2\/posts\/30198","targetHints":{"allow":["GET"]}}],"collection":[{"href":"https:\/\/iuzb.de\/index.php?rest_route=\/wp\/v2\/posts"}],"about":[{"href":"https:\/\/iuzb.de\/index.php?rest_route=\/wp\/v2\/types\/post"}],"author":[{"embeddable":true,"href":"https:\/\/iuzb.de\/index.php?rest_route=\/wp\/v2\/users\/13"}],"replies":[{"embeddable":true,"href":"https:\/\/iuzb.de\/index.php?rest_route=%2Fwp%2Fv2%2Fcomments&post=30198"}],"version-history":[{"count":7,"href":"https:\/\/iuzb.de\/index.php?rest_route=\/wp\/v2\/posts\/30198\/revisions"}],"predecessor-version":[{"id":30206,"href":"https:\/\/iuzb.de\/index.php?rest_route=\/wp\/v2\/posts\/30198\/revisions\/30206"}],"wp:attachment":[{"href":"https:\/\/iuzb.de\/index.php?rest_route=%2Fwp%2Fv2%2Fmedia&parent=30198"}],"wp:term":[{"taxonomy":"category","embeddable":true,"href":"https:\/\/iuzb.de\/index.php?rest_route=%2Fwp%2Fv2%2Fcategories&post=30198"},{"taxonomy":"post_tag","embeddable":true,"href":"https:\/\/iuzb.de\/index.php?rest_route=%2Fwp%2Fv2%2Ftags&post=30198"}],"curies":[{"name":"wp","href":"https:\/\/api.w.org\/{rel}","templated":true}]}}