{"id":29978,"date":"2020-04-20T18:39:57","date_gmt":"2020-04-20T16:39:57","guid":{"rendered":"http:\/\/iuzb.de\/?p=29978"},"modified":"2020-09-22T18:44:56","modified_gmt":"2020-09-22T16:44:56","slug":"wahl-der-mitglieder-der-delegiertenversammlung-der-zahnaerztekammer-berlin-berufung-eines-wahlausschusses","status":"publish","type":"post","link":"https:\/\/iuzb.de\/?p=29978","title":{"rendered":"Kammerwahl 2020: Wahlausschuss wurde konstituiert"},"content":{"rendered":"<p><span style=\"text-decoration: underline;\">Amtliche Mitteilung der Zahn\u00e4rztekammer Berlin (<a href=\"https:\/\/www.kzv-berlin.de\/fileadmin\/user_upload\/Praxis-Service\/3_Publikationen\/2_MBZ\/2020\/MBZ_04_2020.pdf\" target=\"_blank\" rel=\"noopener noreferrer\">MBZ 04\/2020<\/a>, Seite 36):<\/span><\/p>\n<blockquote><p><strong>Wahl der Mitglieder der Delegiertenversammlung der Zahn\u00e4rztekammer Berlin: Berufung eines Wahlausschusses<\/strong><\/p>\n<p>Zur Durchf\u00fchrung der Wahl der Mitglieder der Delegiertenversammlung der Zahn\u00e4rztekammer Berlin ist es erforderlich, einen Wahlausschuss zu berufen.<\/p>\n<p>Gem\u00e4\u00df \u00a7 5 der Wahlordnung zur Wahl der Mitglieder der Delegiertenversammlung der Zahn\u00e4rztekammer Berlin vom 23.09.2010 (ABl. Nr. 33 S. 1702) beruft der Vorstand der Zahn\u00e4rztekammer Berlin mit Zustimmung der Delegiertenversammlung vom 13.02.2020 zur Vorbereitung und Durchf\u00fchrung der Wahl folgenden Wahlausschuss:<\/p>\n<p style=\"padding-left: 40px;\"><span style=\"text-decoration: underline;\">Wahlleiter: <\/span><\/p>\n<ul>\n<li style=\"list-style-type: none;\">\n<ul>\n<li><strong><a href=\"http:\/\/www.rahoene.de\/ehoene.html\" target=\"_blank\" rel=\"noopener noreferrer\">RA Dr. Eberhard Hoene<\/a><\/strong><\/li>\n<\/ul>\n<\/li>\n<\/ul>\n<p style=\"padding-left: 40px;\"><span style=\"text-decoration: underline;\">Stellvertretender Wahlleiter: <\/span><\/p>\n<ul>\n<li style=\"list-style-type: none;\">\n<ul>\n<li><strong><a href=\"https:\/\/www.kwm-rechtsanwaelte.de\/dr.ralf-grossboelting\/\" target=\"_blank\" rel=\"noopener noreferrer\">RA Dr. Ralf Gro\u00dfb\u00f6lting<\/a><\/strong><\/li>\n<\/ul>\n<\/li>\n<\/ul>\n<p style=\"padding-left: 40px;\"><span style=\"text-decoration: underline;\">Mitglieder des Wahlausschusses:<\/span><\/p>\n<ul>\n<li style=\"list-style-type: none;\">\n<ul>\n<li><strong>Dr. Jan-G\u00fcnter Frenzel<\/strong><\/li>\n<li><strong>ZA Axel Grobe<\/strong><\/li>\n<\/ul>\n<\/li>\n<\/ul>\n<p style=\"padding-left: 40px;\"><span style=\"text-decoration: underline;\">Stellvertretende Mitglieder des Wahlausschusses:<\/span><\/p>\n<ul>\n<li style=\"list-style-type: none;\">\n<ul>\n<li><strong>ZA Ralf Borghardt<\/strong><\/li>\n<li><strong>Z\u00c4 Vera-Malina Hupe<\/strong><\/li>\n<li><strong>ZA Uwe Hoffmann<\/strong><\/li>\n<\/ul>\n<\/li>\n<\/ul>\n<p>Die Kontaktaufnahme erfolgt \u00fcber das Sekretariat der Zahn\u00e4rztekammer Berlin.<\/p>\n<p>Zahn\u00e4rztekammer Berlin<br \/>\ngez. Der Vorstand<\/p><\/blockquote>\n","protected":false},"excerpt":{"rendered":"<p>Amtliche Mitteilung der Zahn\u00e4rztekammer Berlin (MBZ 04\/2020, Seite 36): Wahl der Mitglieder der Delegiertenversammlung der Zahn\u00e4rztekammer Berlin: Berufung eines Wahlausschusses Zur Durchf\u00fchrung der Wahl der Mitglieder der Delegiertenversammlung der Zahn\u00e4rztekammer [&#8230;]<\/p>\n","protected":false},"author":13,"featured_media":31191,"comment_status":"open","ping_status":"closed","sticky":false,"template":"","format":"standard","meta":{"ngg_post_thumbnail":0,"iawp_total_views":1,"footnotes":""},"categories":[266,46],"tags":[],"class_list":["post-29978","post","type-post","status-publish","format-standard","has-post-thumbnail","hentry","category-kammerwahl-2020","category-zahnaerztekammer-berlin"],"_links":{"self":[{"href":"https:\/\/iuzb.de\/index.php?rest_route=\/wp\/v2\/posts\/29978","targetHints":{"allow":["GET"]}}],"collection":[{"href":"https:\/\/iuzb.de\/index.php?rest_route=\/wp\/v2\/posts"}],"about":[{"href":"https:\/\/iuzb.de\/index.php?rest_route=\/wp\/v2\/types\/post"}],"author":[{"embeddable":true,"href":"https:\/\/iuzb.de\/index.php?rest_route=\/wp\/v2\/users\/13"}],"replies":[{"embeddable":true,"href":"https:\/\/iuzb.de\/index.php?rest_route=%2Fwp%2Fv2%2Fcomments&post=29978"}],"version-history":[{"count":11,"href":"https:\/\/iuzb.de\/index.php?rest_route=\/wp\/v2\/posts\/29978\/revisions"}],"predecessor-version":[{"id":30012,"href":"https:\/\/iuzb.de\/index.php?rest_route=\/wp\/v2\/posts\/29978\/revisions\/30012"}],"wp:featuredmedia":[{"embeddable":true,"href":"https:\/\/iuzb.de\/index.php?rest_route=\/wp\/v2\/media\/31191"}],"wp:attachment":[{"href":"https:\/\/iuzb.de\/index.php?rest_route=%2Fwp%2Fv2%2Fmedia&parent=29978"}],"wp:term":[{"taxonomy":"category","embeddable":true,"href":"https:\/\/iuzb.de\/index.php?rest_route=%2Fwp%2Fv2%2Fcategories&post=29978"},{"taxonomy":"post_tag","embeddable":true,"href":"https:\/\/iuzb.de\/index.php?rest_route=%2Fwp%2Fv2%2Ftags&post=29978"}],"curies":[{"name":"wp","href":"https:\/\/api.w.org\/{rel}","templated":true}]}}