{"id":29876,"date":"2020-04-06T12:41:54","date_gmt":"2020-04-06T10:41:54","guid":{"rendered":"http:\/\/iuzb.de\/?p=29876"},"modified":"2021-01-23T10:56:05","modified_gmt":"2021-01-23T09:56:05","slug":"aufruf-an-alle-telematik-verweigerer-in-berlin-eroeffnung-einer-news-email-gruppe","status":"publish","type":"post","link":"https:\/\/iuzb.de\/?p=29876","title":{"rendered":"AUFRUF an alle Telematik-Verweigerer in Berlin: Er\u00f6ffnung einer News-Email-Gruppe"},"content":{"rendered":"<p><span style=\"text-decoration: underline;\">Gerne ver\u00f6ffentlichen wir einen AUFRUF von Herrn Dr. Stefan Verch, Zahnarzt aus Berlin:<br \/>\n<\/span><\/p>\n<p>&nbsp;<\/p>\n<p style=\"text-align: justify;\">Liebe Verweigerer!<\/p>\n<p style=\"text-align: justify;\">Nun flatterten die ersten Honorarbescheide mit den K\u00fcrzungen um 1 % f\u00fcr die Quartale I-IV 2019 ins Haus.<\/p>\n<p style=\"text-align: justify;\">Damit ist es nun an allen Verweigerern, zu widersprechen.<\/p>\n<p style=\"text-align: justify;\">Mein Konzept zielt auf die Aufz\u00e4hlung aller Kritikpunkte hin, die gegen das Projekt sprechen. Au\u00dferdem enth\u00e4lt es konkrete juristische Ansatzpunkte, die die DSGVO- und Stand-alone-L\u00f6sung-Thematik als Angriffspunkt habe.<\/p>\n<p style=\"text-align: justify;\">Diese letzteren Punkte sind Standardversionen gr\u00f6\u00dferer Verb\u00e4nde wie die der IG Med usw.<\/p>\n<p style=\"text-align: justify;\">Es ist eine \u201eRuhendstellung\u201c anzustreben, indem ich auf laufende Gerichtsklagen bezugnehme; akzeptiert die KZV dies, wird man von weiteren Widerspruchsfristen verschont, bis diese Verfahren gekl\u00e4rt sind \u2013 leider laufen die K\u00fcrzungen alle weiter, aber, wie gesagt, unter angemeldetem Vorbehalt.<\/p>\n<p style=\"text-align: justify;\">Die andere Variante w\u00e4re, dass die KZV alles wegwischt \u2013 dann m\u00fcsste man hier und jetzt klagen und w\u00fcrde ein weiteres g\u00fcltiges \u201eAktenzeichen\u201c einer Klage bewirken.<\/p>\n<p style=\"text-align: justify;\">In jedem Fall sollten sich die Verweigerer austauschen; ich bin gerade auch am Eruieren, wer eine Klage vertreten k\u00f6nnte.<\/p>\n<p style=\"text-align: justify;\">Ich stelle gern jedem meine Widerspruchsfassung zur Verf\u00fcgung; gern kann man sich an mich wenden: <a href=\"mailto:stefan.verch@online.de\" target=\"_blank\" rel=\"noopener noreferrer\">stefan.verch@online.de<\/a> Ich w\u00fcrde eine News-Email-Gruppe aufmachen.<\/p>\n<p><a href=\"https:\/\/www.verchkaner.de\/zahnaerzte\/stefanverch\/\" target=\"_blank\" rel=\"noopener noreferrer\">Stefan Verch<\/a><\/p>\n<p><img loading=\"lazy\" decoding=\"async\" class=\"alignleft size-full wp-image-26543\" src=\"https:\/\/iuzb.de\/wp-content\/uploads\/2019\/04\/Dr.StefanVerch.jpg\" alt=\"\" width=\"514\" height=\"226\" srcset=\"https:\/\/iuzb.de\/wp-content\/uploads\/2019\/04\/Dr.StefanVerch.jpg 514w, https:\/\/iuzb.de\/wp-content\/uploads\/2019\/04\/Dr.StefanVerch-273x120.jpg 273w, https:\/\/iuzb.de\/wp-content\/uploads\/2019\/04\/Dr.StefanVerch-450x198.jpg 450w\" sizes=\"auto, (max-width: 514px) 100vw, 514px\" \/><\/p>\n<p>&nbsp;<\/p>\n","protected":false},"excerpt":{"rendered":"<p>Gerne ver\u00f6ffentlichen wir einen AUFRUF von Herrn Dr. Stefan Verch, Zahnarzt aus Berlin: &nbsp; Liebe Verweigerer! Nun flatterten die ersten Honorarbescheide mit den K\u00fcrzungen um 1 % f\u00fcr die Quartale [&#8230;]<\/p>\n","protected":false},"author":13,"featured_media":0,"comment_status":"open","ping_status":"closed","sticky":false,"template":"","format":"standard","meta":{"ngg_post_thumbnail":0,"iawp_total_views":21,"footnotes":""},"categories":[242,45,252],"tags":[],"class_list":["post-29876","post","type-post","status-publish","format-standard","hentry","category-infobriefe","category-kzv-berlin","category-telematik"],"_links":{"self":[{"href":"https:\/\/iuzb.de\/index.php?rest_route=\/wp\/v2\/posts\/29876","targetHints":{"allow":["GET"]}}],"collection":[{"href":"https:\/\/iuzb.de\/index.php?rest_route=\/wp\/v2\/posts"}],"about":[{"href":"https:\/\/iuzb.de\/index.php?rest_route=\/wp\/v2\/types\/post"}],"author":[{"embeddable":true,"href":"https:\/\/iuzb.de\/index.php?rest_route=\/wp\/v2\/users\/13"}],"replies":[{"embeddable":true,"href":"https:\/\/iuzb.de\/index.php?rest_route=%2Fwp%2Fv2%2Fcomments&post=29876"}],"version-history":[{"count":3,"href":"https:\/\/iuzb.de\/index.php?rest_route=\/wp\/v2\/posts\/29876\/revisions"}],"predecessor-version":[{"id":29879,"href":"https:\/\/iuzb.de\/index.php?rest_route=\/wp\/v2\/posts\/29876\/revisions\/29879"}],"wp:attachment":[{"href":"https:\/\/iuzb.de\/index.php?rest_route=%2Fwp%2Fv2%2Fmedia&parent=29876"}],"wp:term":[{"taxonomy":"category","embeddable":true,"href":"https:\/\/iuzb.de\/index.php?rest_route=%2Fwp%2Fv2%2Fcategories&post=29876"},{"taxonomy":"post_tag","embeddable":true,"href":"https:\/\/iuzb.de\/index.php?rest_route=%2Fwp%2Fv2%2Ftags&post=29876"}],"curies":[{"name":"wp","href":"https:\/\/api.w.org\/{rel}","templated":true}]}}