{"id":29837,"date":"2020-04-03T19:34:27","date_gmt":"2020-04-03T17:34:27","guid":{"rendered":"http:\/\/iuzb.de\/?p=29837"},"modified":"2022-07-25T19:35:13","modified_gmt":"2022-07-25T17:35:13","slug":"kzv-berlin-aktivitaeten-und-massnahmen-bzgl-der-corona-krise-schwerpunktpraxen-kommen","status":"publish","type":"post","link":"https:\/\/iuzb.de\/?p=29837","title":{"rendered":"KZV Berlin: Corona-Schwerpunktpraxen werden am 06.04.2020 bekanntgegeben"},"content":{"rendered":"<p><span style=\"text-decoration: underline;\"><strong>Die KZV Berlin teilt heute u.a. mit:<\/strong><\/span><\/p>\n<blockquote><p>Sehr geehrte Kolleginnen und Kollegen,<\/p>\n<p>zu Ihrer Information erhalten Sie eine \u00dcbersicht unserer bisherigen Aktivit\u00e4ten und Ma\u00dfnahmen bzgl. der Corona-Krise:<\/p>\n<p>[&#8230;]<\/p>\n<ul>\n<li>Nachgewiesene Coronavirus-infizierte Patienten und beh\u00f6rdlich unter Quarant\u00e4ne gestellte Verdachtsf\u00e4lle mit akut notwendigen und unaufschiebbaren Behandlungen werden in sog. Schwerpunktpraxen behandelt. Eine \u00dcbersicht werden wir ab Montag, 06.04.2020, auf unserer Website ver\u00f6ffentlichen.<br \/>\n<span style=\"color: #ffffff;\">.<\/span><\/li>\n<li>Unter Hochdruck haben wir uns um Atemschutzmasken f\u00fcr diese Schwerpunktpraxen bem\u00fcht. Ende M\u00e4rz ist es uns gelungen, diese zu beschaffen und \u2013 je nach Bedarf \u2013 an die Schwerpunktpraxen zu verteilen.<\/li>\n<\/ul>\n<p>[&#8230;]<\/p>\n<p>F\u00fcr Fragen stehen wir Ihnen gerne telefonisch zur Verf\u00fcgung.<\/p>\n<p>Mit freundlichen kollegialen Gr\u00fc\u00dfen<\/p>\n<p>Karsten Geist<br \/>\nstv. Vorsitzender des Vorstandes<\/p>\n<p>Dr. J\u00f6rg Meyer<br \/>\nVorsitzender des Vorstandes<\/p>\n<p>Dr. J\u00f6rg-Peter Husemann<br \/>\nstv. Vorsitzender des Vorstandes<\/p><\/blockquote>\n","protected":false},"excerpt":{"rendered":"<p>Die KZV Berlin teilt heute u.a. mit: Sehr geehrte Kolleginnen und Kollegen, zu Ihrer Information erhalten Sie eine \u00dcbersicht unserer bisherigen Aktivit\u00e4ten und Ma\u00dfnahmen bzgl. der Corona-Krise: [&#8230;] Nachgewiesene Coronavirus-infizierte [&#8230;]<\/p>\n","protected":false},"author":13,"featured_media":0,"comment_status":"open","ping_status":"closed","sticky":false,"template":"","format":"standard","meta":{"ngg_post_thumbnail":0,"iawp_total_views":9,"footnotes":""},"categories":[265,45,188],"tags":[],"class_list":["post-29837","post","type-post","status-publish","format-standard","hentry","category-corona","category-kzv-berlin","category-medizin"],"_links":{"self":[{"href":"https:\/\/iuzb.de\/index.php?rest_route=\/wp\/v2\/posts\/29837","targetHints":{"allow":["GET"]}}],"collection":[{"href":"https:\/\/iuzb.de\/index.php?rest_route=\/wp\/v2\/posts"}],"about":[{"href":"https:\/\/iuzb.de\/index.php?rest_route=\/wp\/v2\/types\/post"}],"author":[{"embeddable":true,"href":"https:\/\/iuzb.de\/index.php?rest_route=\/wp\/v2\/users\/13"}],"replies":[{"embeddable":true,"href":"https:\/\/iuzb.de\/index.php?rest_route=%2Fwp%2Fv2%2Fcomments&post=29837"}],"version-history":[{"count":3,"href":"https:\/\/iuzb.de\/index.php?rest_route=\/wp\/v2\/posts\/29837\/revisions"}],"predecessor-version":[{"id":29840,"href":"https:\/\/iuzb.de\/index.php?rest_route=\/wp\/v2\/posts\/29837\/revisions\/29840"}],"wp:attachment":[{"href":"https:\/\/iuzb.de\/index.php?rest_route=%2Fwp%2Fv2%2Fmedia&parent=29837"}],"wp:term":[{"taxonomy":"category","embeddable":true,"href":"https:\/\/iuzb.de\/index.php?rest_route=%2Fwp%2Fv2%2Fcategories&post=29837"},{"taxonomy":"post_tag","embeddable":true,"href":"https:\/\/iuzb.de\/index.php?rest_route=%2Fwp%2Fv2%2Ftags&post=29837"}],"curies":[{"name":"wp","href":"https:\/\/api.w.org\/{rel}","templated":true}]}}