{"id":29826,"date":"2020-04-03T19:25:55","date_gmt":"2020-04-03T17:25:55","guid":{"rendered":"http:\/\/iuzb.de\/?p=29826"},"modified":"2022-07-25T19:35:04","modified_gmt":"2022-07-25T17:35:04","slug":"offener-brief-des-verbandes-der-zahnaerztinnen-und-zahnaerzte-von-berlin-an-den-regierenden-buergermeister","status":"publish","type":"post","link":"https:\/\/iuzb.de\/?p=29826","title":{"rendered":"Offener Brief des Verbandes der Zahn\u00e4rztinnen und Zahn\u00e4rzte von Berlin an den Regierenden B\u00fcrgermeister"},"content":{"rendered":"<div class=\"comment-content\">\n<p><strong>Jetzt hat richtiger- und dankenswerter Weise auch der Verband der Zahn\u00e4rztinnen und Zahn\u00e4rzte von Berlin e.V. einen Offenen Brief an den Regierenden B\u00fcrgermeister geschrieben:<\/strong><\/p>\n<p>&nbsp;<\/p>\n<blockquote><p><a href=\"https:\/\/www.zahnaerzteverband-berlin.de\/unser-dringender-appel-an-den-regierenden-buergermeister\/\" target=\"_blank\" rel=\"nofollow ugc noopener noreferrer\">Offener Brief: Unser dringender Appel an den Regierenden B\u00fcrgermeister<\/a><\/p>\n<p>Der Regierende B\u00fcrgermeister von Berlin<br \/>\n\u2013 Senatskanzlei \u2013<br \/>\nJ\u00fcdenstr. 1<br \/>\n10178 Berlin<\/p>\n<p>Sehr geehrter Herr Regierender B\u00fcrgermeister M\u00fcller,<\/p>\n<p>wir, der Verband der Zahn\u00e4rztinnen und Zahn\u00e4rzte von Berlin, Berlins gr\u00f6\u00dfter standespolitischer Verband, sind irritiert \u00fcber den Umgang sowohl der Bundes- als auch Landespolitik mit unserem Berufsstand.<\/p>\n<p>Die \u00fcber 5000 Berliner Zahn\u00e4rztinnen und Zahn\u00e4rzte stehen t\u00e4glich an \u201evorderster Front\u201c\u00a0 mit unseren Patientinnen und Patienten. Diese Aufgabe erf\u00fcllen wir mit Hingabe und Verantwortungsbewusstsein. Dessen seien Sie versichert!<\/p>\n<p>Hier m\u00f6gen Sie zur Kenntnis nehmen, dass seitens des LaGeSo unsere Praxen regelm\u00e4\u00dfig hinsichtlich der Hygiene und der Umsetzung der Vorschriften des RKI \u00fcberpr\u00fcft und hinsichtlich der Anforderungen auf eine gemeinsame Stufe mit den \u00e4rztlichen Kolleginnen und Kollegen gestellt worden sind. Wir haben auf unsere Kosten (!) diesen erheblichen finanziellen Mehraufwand f\u00fcr unsere Patientinnen und Patienten gern umgesetzt.<\/p>\n<p>Irritiert sind wir, weil auch wir (Zahn-)Mediziner in der aktuellen Situation den Mangel an Schutzbekleidung erfahren. Wenn seitens der Bundes- und Landespolitik der Bedarf dieser Artikel angemahnt wird und der \u00d6ffentlichkeit \u00fcber die zentralen Beschaffungsma\u00dfnahmen berichtet wird, so werden naturgem\u00e4\u00df und selbstverst\u00e4ndlich die prim\u00e4ren Versorgungseinrichtungen wie Krankenh\u00e4user, niedergelassene \u00e4rztliche Kollegen und Altenpflegeeinrichtungen erw\u00e4hnt, WIR aber werden in G\u00e4nze ignoriert, nein, eigentlich sogar noch schlimmer, gemeinsam mit den Bestattern als \u201enachrangig\u201c durch die Katastrophenschutzbeh\u00f6rde eingestuft. <strong>Dabei ist kaum ein Berufsstand \u201en\u00e4her dran\u201c als wir!<\/strong><\/p>\n<p>Unser Anliegen ist, diese Tatsache nicht nur zur Kenntnis zu nehmen, sondern uns ausdr\u00fccklich in die Beschaffungsma\u00dfnahmen einzubinden. Gern ist hier unsere hervorragend organisierte und engagierte Zahn\u00e4rztekammer behilflich, die beschaffte Schutzkleidung und\u00a0 Desinfektionsmittel unter den Kolleginnen und Kollegen zu verteilen.<\/p>\n<p><strong>Bitte bedenken Sie, dass neben den an vorderster Front stehenden Kolleginnen und Kollegen auch deren Mitarbeiter und Familien in dieser Gefahrensituation zwangsl\u00e4ufig gefangen sind.<\/strong><\/p>\n<p>Hier sprechen wir \u00fcber eine Gruppe, die weit mehr als 20.000 Berliner (W\u00e4hler) betrifft.<\/p>\n<p>Auch f\u00fcr unsere Mitarbeiter und Praxen sind die Auswirkungen erheblich. Die Patientenkontakte sind, naturgem\u00e4\u00df, drastisch zur\u00fcck gegangen. Diesem Umstand geschuldet haben eine Vielzahl von Praxen f\u00fcr ihre Mitarbeiter Kurzarbeitergeld beantragt. Die meisten Kolleginnen und Kollegen verstehen, dass es sehr vielen Betrieben so geht und werden ihre Mitarbeiterinnen und Mitarbeiter aus eigenen Mitteln und R\u00fccklagen \u00fcber die Zeit bis die Flut an Antr\u00e4gen bei der Agentur f\u00fcr Arbeit bearbeitet ist, vorfinanzieren, und die notwendigen Mittel aufbringen, damit die, die mit uns gemeinsam f\u00fcr unsere Patienten da\u00a0 und f\u00fcr die Erf\u00fcllung des Versorgungsauftrages t\u00e4tig sind, nicht auch noch finanziell f\u00fcr die Situation b\u00fc\u00dfen m\u00fcssen. All das sind erhebliche Mehraufwendungen, die wir Kolleginnen und Kollegen tragen. Allein, wenn es um den gespannten Schutzschirm geht, werden in der \u00d6ffentlichkeit gern andere genannt, unser erheblicher (finanzieller) Beitrag wird ignoriert oder als selbstverst\u00e4ndlich angesehen?!<\/p>\n<p>Auch unsere \u201eBetriebe\u201c, die besch\u00e4ftigten Mitarbeiterinnen und Mitarbeiter geh\u00f6ren unter diesen Schutzschirm. Die Erf\u00fcllung des Versorgungsauftrages ist keine Einbahnstra\u00dfe, sehr geehrter regierender B\u00fcrgermeister.<\/p>\n<p>Wir unterst\u00fctzen hiermit auch die Bem\u00fchungen unserer Zahn\u00e4rztekammer und unserer Kassenzahn\u00e4rztlichen Vereinigung bei Ihnen f\u00fcr unsere Anliegen Geh\u00f6r zu finden. Wir werden als Basis aber eher angesprochen als andere. Wir w\u00fcrden uns daher \u00fcber eine Reaktion Ihrerseits freuen, sei es auch nur, das Sie Kammer und\/der KZV eine Antwort zukommen lassen.<\/p>\n<p>Mit freundlichen Gr\u00fc\u00dfen<br \/>\nDer Vorstand des Verbandes der Zahn\u00e4rztinnen und Zahn\u00e4rzte von Berlin<\/p><\/blockquote>\n<\/div>\n","protected":false},"excerpt":{"rendered":"<p>Jetzt hat richtiger- und dankenswerter Weise auch der Verband der Zahn\u00e4rztinnen und Zahn\u00e4rzte von Berlin e.V. einen Offenen Brief an den Regierenden B\u00fcrgermeister geschrieben: &nbsp; Offener Brief: Unser dringender Appel [&#8230;]<\/p>\n","protected":false},"author":13,"featured_media":0,"comment_status":"open","ping_status":"closed","sticky":false,"template":"","format":"standard","meta":{"ngg_post_thumbnail":0,"iawp_total_views":0,"footnotes":""},"categories":[265,95,188],"tags":[],"class_list":["post-29826","post","type-post","status-publish","format-standard","hentry","category-corona","category-vdzvb","category-medizin"],"_links":{"self":[{"href":"https:\/\/iuzb.de\/index.php?rest_route=\/wp\/v2\/posts\/29826","targetHints":{"allow":["GET"]}}],"collection":[{"href":"https:\/\/iuzb.de\/index.php?rest_route=\/wp\/v2\/posts"}],"about":[{"href":"https:\/\/iuzb.de\/index.php?rest_route=\/wp\/v2\/types\/post"}],"author":[{"embeddable":true,"href":"https:\/\/iuzb.de\/index.php?rest_route=\/wp\/v2\/users\/13"}],"replies":[{"embeddable":true,"href":"https:\/\/iuzb.de\/index.php?rest_route=%2Fwp%2Fv2%2Fcomments&post=29826"}],"version-history":[{"count":5,"href":"https:\/\/iuzb.de\/index.php?rest_route=\/wp\/v2\/posts\/29826\/revisions"}],"predecessor-version":[{"id":29834,"href":"https:\/\/iuzb.de\/index.php?rest_route=\/wp\/v2\/posts\/29826\/revisions\/29834"}],"wp:attachment":[{"href":"https:\/\/iuzb.de\/index.php?rest_route=%2Fwp%2Fv2%2Fmedia&parent=29826"}],"wp:term":[{"taxonomy":"category","embeddable":true,"href":"https:\/\/iuzb.de\/index.php?rest_route=%2Fwp%2Fv2%2Fcategories&post=29826"},{"taxonomy":"post_tag","embeddable":true,"href":"https:\/\/iuzb.de\/index.php?rest_route=%2Fwp%2Fv2%2Ftags&post=29826"}],"curies":[{"name":"wp","href":"https:\/\/api.w.org\/{rel}","templated":true}]}}