{"id":29792,"date":"2020-03-30T12:35:10","date_gmt":"2020-03-30T10:35:10","guid":{"rendered":"http:\/\/iuzb.de\/?p=29792"},"modified":"2022-07-25T19:34:29","modified_gmt":"2022-07-25T17:34:29","slug":"offener-brief-der-iuzb-an-den-regierenden-buergermeister-und-den-bundesgesundhietsminister","status":"publish","type":"post","link":"https:\/\/iuzb.de\/?p=29792","title":{"rendered":"Offener Brief der IUZB an den Regierenden B\u00fcrgermeister und den Bundesgesundheitsminister"},"content":{"rendered":"<p><strong><span style=\"font-size: 14pt;\">Aus Verantwortung f\u00fcr unsere Patienten und MitarbeiterInnen<\/span><\/strong><br \/>\n<strong>Auch Zahnarztpraxen brauchen Schutzmaterialien und wirtschaftliche Absicherungen<\/strong><\/p>\n<p>&nbsp;<\/p>\n<p style=\"text-align: justify;\">Sehr geehrter Herr Regierender B\u00fcrgermeister M\u00fcller,<br \/>\nsehr geehrter Herr Minister Spahn,<\/p>\n<p style=\"text-align: justify;\">die Initiative Unabh\u00e4ngige Zahn\u00e4rzte Berlin (IUZB) ist ein im Land Berlin vertretender Berufsverband. Unsere Mitglieder kandidieren regelm\u00e4\u00dfig als Wahlliste um die Sitze in unseren drei zahn\u00e4rztlichen Selbstverwaltungsk\u00f6rperschaften im Land Berlin und bringen sich so ehrenamtlich und auf ideeller Grundlage \u00f6ffentlich ein. Hierbei setzten wir uns insbesondere f\u00fcr mehr <strong>Transparenz<\/strong> in unseren Selbstverwaltungen ein. Wir befinden uns jedoch leider \u201enur\u201c in der Opposition. Dies bedeutet wir stellen im Land Berlin in keiner der drei K\u00f6rperschaften, also Zahn\u00e4rztekammer, KZV und Versorgungswerk, Vorstandsmitglieder. Dennoch m\u00fcssen wir uns jetzt aber auch an Sie wenden.<\/p>\n<p style=\"text-align: justify;\">Aktuell erleben wir eine bisher unvorstellbare weltweite Ausbreitung eines neuen Corona Virus mit vielen best\u00e4tigten Krankheits- und Todesf\u00e4llen. Auch das Gesundheitssystem in Berlin steht vor sehr gro\u00dfen Herausforderungen. Vor diesem Hintergrund wenden wir Zahn\u00e4rzte uns an Sie in Ihrer amtlichen Funktion und Aufgabe als Regierender B\u00fcrgermeister und als Bundesminister, um Sie aufzufordern, die Arbeit im Gesundheitsbereich mit allen Ihnen zur Verf\u00fcgung stehenden Mittel zu unterst\u00fctzen.<\/p>\n<p style=\"text-align: justify;\">Folgende Punkte sind essentiell:<\/p>\n<ol style=\"text-align: justify;\">\n<li>Hochrechnungen lassen bef\u00fcrchten, dass sp\u00e4testens um Ostern das Berliner Gesundheitssystem an seine Grenzen kommen wird.<br \/>\n<span style=\"color: #ffffff;\">.<\/span><\/li>\n<li>Jeden Tag behandeln auch wir Zahn\u00e4rzte mit unseren engagierten Teams Patienten ohne der Coronoa-Situation angemessenen ad\u00e4quaten Schutz, da die Schutzmittel derzeit f\u00fcr uns nicht erh\u00e4ltlich sind. Dies ist f\u00fcr alle Beteiligten ein Gl\u00fccksspiel, denn wir m\u00fcssen aufgrund der langen Inkubationszeit davon ausgehen, dass Patienten grunds\u00e4tzlich ohne wahrnehmbare Symptome infiziert sein k\u00f6nnten. Eine Behandlung erfolgt nur Zentimeter vor den M\u00fcndern unserer Patienten entfernt. Abstand zu halten, ist f\u00fcr uns bei der Behandlung unm\u00f6glich. Deshalb ist das Risiko der Ansteckungsgefahr bei unzureichender Schutzausr\u00fcstung f\u00fcr unsere Patienten, unsere MitarbeiterInnnen und selbstverst\u00e4ndlich auch f\u00fcr alle BehandlerInnen besonders hoch.<br \/>\n<span style=\"color: #ffffff;\">.<\/span><\/li>\n<li>Eine im M\u00e4rz 2020 auf nature.com ver\u00f6ffentliche Untersuchung aus China (<a href=\"https:\/\/www.nature.com\/articles\/s41368-020-0075-9\" target=\"_blank\" rel=\"noopener noreferrer\">Transmission routes of 2019-nCoV and controls in dental practice<\/a>) betrachtet die bei fast allen zahn\u00e4rztlichen Behandlungen entstehenden Aerosole als bedeutenden Infektionsweg bei der Ausbreitung der Pandemie. Feinste, Virus kontaminierte Tr\u00f6pfchen in der Luft k\u00f6nnen bei Raumtemperatur zwischen 2 Stunden bis 9 Tagen infekti\u00f6s verweilen, bevor sie auf Oberfl\u00e4chen absinken und m\u00f6gliche Schmierinfektionen verursachen. Aus diesem Grund empfiehlt das RKI mit Stand vom 13.03.2020 f\u00fcr alle Behandler\/Innen und HelferInnen <a href=\"https:\/\/www.rki.de\/DE\/Content\/InfAZ\/N\/Neuartiges_Coronavirus\/Ressourcen_schonen_Masken.pdf;jsessionid=DB0B0F902924D94EFE727E0E484D8002.internet061?__blob=publicationFile\" target=\"_blank\" rel=\"noopener noreferrer\"><span style=\"text-decoration: underline;\">mindestens FFP2 Schutzmasken<\/span><\/a>, die aber derzeit nicht zu bekommen sind.<br \/>\n<span style=\"color: #ffffff;\">.<\/span><\/li>\n<li>Zur Aufrechterhaltung der zahn\u00e4rztlichen Versorgung ben\u00f6tigen wir dringend eine ad\u00e4quate Schutzausr\u00fcstung! Wir fordern Sie auf, daf\u00fcr zu sorgen, dass auch die Zahnarztpraxen in Berlin mit ausreichend Schutzmasken und Desinfektionsmaterial ausgestattet werden. Nur dann sind wir in der Lage, den uns \u00fcbertragenen Versorgungsauftrag f\u00fcr die Bev\u00f6lkerung auch zu gew\u00e4hrleisten. Bisher ist die Versorgung medizinischer Einrichtungen mit Schutzausr\u00fcstung in der Stadt unzureichend und wir m\u00fcssen zum Beispiel in der <a href=\"https:\/\/iuzb.de\/?p=29608#comment-1154\" target=\"_blank\" rel=\"noopener noreferrer\">Berliner Zeitung Interviews<\/a> lesen, wo sich die KV Berlin und die Berliner Gesundheitssenatorin \u00fcber die Beschaffung von Schutzmaterial offen herumstreiten.<br \/>\n<span style=\"color: #ffffff;\">.<\/span><\/li>\n<li>Es ist unabdingbar, schnell weitere spezifische Versorgungsstrukturen aufzubauen. Sollte es auf absehbare Zeit nicht m\u00f6glich sein entsprechende Schutzausr\u00fcstung zu erhalten, brauchen wir f\u00fcr infizierte und erkrankte Patienten dringend eine zentrale Anlaufstelle im Sinne eines zahnmedizinischer Zentrums an dem im Worst Case die Versorgung der Patienten \u00fcbernommen werden kann. Ansonsten steht zu bef\u00fcrchten, dass der uns \u00fcbertragene Versorgungsauftrag nicht mehr zu leisten sein wird und das Berliner Gesundheitssystem, was die zahnmedizinische Versorgung anbetrifft, kurzfristig auf einen Kollaps zusteuert.<br \/>\n<span style=\"color: #ffffff;\">.<\/span><\/li>\n<li>Zurzeit sind wir gezwungen, zahn\u00e4rztliche Behandlungen zu verschieben bzw. ausfallen zu lassen. Absehbar ist auch, dass Praxen aufgrund einer Infektionen der BehandlerInnen oder der MitarbeiterInnen neben der schon praktizierten Einf\u00fchrung von Kurzarbeit auch ganz zu schlie\u00dfen sein werden. Hieraus ergeben sich absehbar f\u00fcr viele Zahnarztpraxen wirtschaftlichen Konsequenzen, die sie nicht zu tragen in der Lage sein werden und ausgeglichen werden m\u00fcssen. Au\u00dfer den Arbeitsplatzen in den Zahnarztpraxen stehen auch viele Arbeitspl\u00e4tze im Zahntechnikerhandwerk und anderen begleitenden Berufen auf dem Spiel.<br \/>\n<span style=\"color: #ffffff;\">.<\/span><\/li>\n<li>Die f\u00fcr die Krankenh\u00e4user und niedergelassenen \u00c4rzte mit dem \u201e<strong>COVID-19-Krankenhausentlastungsgesetz<\/strong>\u201c <a href=\"https:\/\/iuzb.de\/?p=29713#comment-1042\" target=\"_blank\" rel=\"noopener noreferrer\">getroffene Regelung<\/a> muss daher zwingend auch f\u00fcr die Zahnarztpraxen gelten und uns ist nicht nachvollziehbar und macht uns einfach nur <strong>fassungslos<\/strong>, weshalb die Zahn\u00e4rzteschaft nicht mit wenigen S\u00e4tzen gleich mit in das Gesetz aufgenommen wurde?<br \/>\n<span style=\"color: #ffffff;\">.<\/span><\/li>\n<li>\u00dcber einen gemeinsamen AUFRUF der Bundeszahn\u00e4rztekammer e. V. und der Kassenzahn\u00e4rztlichen Bundesvereinigung K.d.\u00f6.R. 23.03.2020 haben wir erfahren, dass sowohl Schutzmateriallieferungen als auch gesetzliche Regelungen zur wirtschaftlichen Absicherung der zahn\u00e4rztlichen Praxen auch f\u00fcr die von Ihnen, Herr Minister Spahn, <span style=\"text-decoration: underline;\"><strong>zugesagt<\/strong><\/span> sein sollen.<br \/>\n<span style=\"color: #ffffff;\">.<\/span><\/li>\n<li>Alle Praxen haben jedoch mit dem Problem zu tun, sich von den zust\u00e4ndigen Aufsichtsbeh\u00f6rden und leider auch von den eigenen Selbstverwaltungsk\u00f6rperschaften <strong>alleingelassen<\/strong> zu f\u00fchlen. So dass es pure Verzweiflung ist, dass selbst eine kleine Wahlliste wie wir es sind Ihnen einen Offenen Brief schickt und um Hilfe bittet.<br \/>\n<span style=\"color: #ffffff;\">.<\/span><\/li>\n<li><strong>Die zahn\u00e4rztlichen Praxen ben\u00f6tigen zur Aufrechterhaltung der zahn\u00e4rztlichen Versorgung dringendst geeignetes Schutzmaterial und auch eine gesetzliche wirtschaftliche Krisenabsicherung, wie es die Krankenh\u00e4user und die \u00c4rzte bereits erhalten haben.<\/strong><\/li>\n<\/ol>\n<p>&nbsp;<\/p>\n<p style=\"text-align: justify;\">Sehr geehrter Herr Regierender B\u00fcrgermeister M\u00fcller,<br \/>\nsehr geehrter Herr Bundesminister Spahn,<\/p>\n<p style=\"text-align: justify;\"><em>aus den Reihen der niedergelassenen Zahnarztpraxen gibt es eine riesengro\u00dfe Bereitschaft, bei der \u00dcberwindung der Krise zu helfen. Und wir sind sicher, dass es im Interesse aller ist, das weitgehend funktionierende System der zahn\u00e4rztlichen Versorgung im Land Berlin sowie in allen anderen Bundesl\u00e4ndern zu erhalten. Wir sind bereit dabei unseren Beitrag zu leisten \u2013 <strong>bitten Sie aber eindringlichst f\u00fcr unsere Patienten und f\u00fcr alle im zahn\u00e4rztlichen Bereich Besch\u00e4ftigten und deren Familien um allerschnellste Hilfe.<\/strong><\/em><\/p>\n<p style=\"text-align: justify;\">Vielen Dank und<br \/>\nmit freundlichen Gr\u00fc\u00dfen<\/p>\n<p>INITIATIVE UNABH\u00c4NGIGE ZAHN\u00c4RZTE BERLIN (IUZB) e.V.<\/p>\n<p><img loading=\"lazy\" decoding=\"async\" class=\"alignleft size-full wp-image-16500\" src=\"https:\/\/iuzb.de\/wp-content\/uploads\/2013\/08\/Gerhard-Gneist-klein-150.jpg\" alt=\"\" width=\"150\" height=\"200\" \/><\/p>\n<p>&nbsp;<\/p>\n<p>&nbsp;<\/p>\n<p><strong>Gerhard Gneist<\/strong><br \/>\n1. Vorsitzender<br \/>\nund<br \/>\nMitglied der Delegiertenversammlung Z\u00c4K Berlin<br \/>\nMitglied Vertreterversammlung KZV Berlin<\/p>\n<p>&nbsp;<\/p>\n<p><img loading=\"lazy\" decoding=\"async\" class=\"alignleft size-full wp-image-25248\" src=\"https:\/\/iuzb.de\/wp-content\/uploads\/2018\/10\/Dr.-Helmut-Dohmeier-de-Haan-150x210.jpg\" alt=\"\" width=\"150\" height=\"210\" srcset=\"https:\/\/iuzb.de\/wp-content\/uploads\/2018\/10\/Dr.-Helmut-Dohmeier-de-Haan-150x210.jpg 150w, https:\/\/iuzb.de\/wp-content\/uploads\/2018\/10\/Dr.-Helmut-Dohmeier-de-Haan-150x210-86x120.jpg 86w\" sizes=\"auto, (max-width: 150px) 100vw, 150px\" \/><\/p>\n<p>&nbsp;<\/p>\n<p>&nbsp;<\/p>\n<p><strong>Dr. Helmut Dohmeier-de Haan<\/strong><br \/>\n2. Vorsitzender<br \/>\nund<br \/>\nMitglied der Delegiertenversammlung der Z\u00c4K Berlin<br \/>\nMitglied der Vertreterversammlung der KZV Berlin<\/p>\n<p>&nbsp;<\/p>\n<p>&nbsp;<\/p>\n<p>PS.<br \/>\nDen <a href=\"https:\/\/www.kzbv.de\/coronavirus-aufruf-an-die-zahnaerzteschaft.1381.de.html\" target=\"_blank\" rel=\"noopener noreferrer\">gemeinsamen Aufruf der BZ\u00c4K und der KZBV<\/a> vom 22.03.2020 und den <a href=\"https:\/\/www.zaek-berlin.de\/presse\/meldungen\/aktuelles\/aktuelles-detail\/article\/appell-der-berliner-zahnaerzteschaft.html\" target=\"_blank\" rel=\"noopener noreferrer\">\u201eBrandbrief\u201c der Zahn\u00e4rztekammer Berlin<\/a> vom 27.03.2020 unterst\u00fctzen wir inhaltlich voll und ganz.<\/p>\n","protected":false},"excerpt":{"rendered":"<p>Aus Verantwortung f\u00fcr unsere Patienten und MitarbeiterInnen Auch Zahnarztpraxen brauchen Schutzmaterialien und wirtschaftliche Absicherungen &nbsp; Sehr geehrter Herr Regierender B\u00fcrgermeister M\u00fcller, sehr geehrter Herr Minister Spahn, die Initiative Unabh\u00e4ngige Zahn\u00e4rzte [&#8230;]<\/p>\n","protected":false},"author":13,"featured_media":29647,"comment_status":"open","ping_status":"closed","sticky":false,"template":"","format":"standard","meta":{"ngg_post_thumbnail":0,"iawp_total_views":5,"footnotes":""},"categories":[177,265,242,182,188],"tags":[],"class_list":["post-29792","post","type-post","status-publish","format-standard","has-post-thumbnail","hentry","category-berlin","category-corona","category-infobriefe","category-senat","category-medizin"],"_links":{"self":[{"href":"https:\/\/iuzb.de\/index.php?rest_route=\/wp\/v2\/posts\/29792","targetHints":{"allow":["GET"]}}],"collection":[{"href":"https:\/\/iuzb.de\/index.php?rest_route=\/wp\/v2\/posts"}],"about":[{"href":"https:\/\/iuzb.de\/index.php?rest_route=\/wp\/v2\/types\/post"}],"author":[{"embeddable":true,"href":"https:\/\/iuzb.de\/index.php?rest_route=\/wp\/v2\/users\/13"}],"replies":[{"embeddable":true,"href":"https:\/\/iuzb.de\/index.php?rest_route=%2Fwp%2Fv2%2Fcomments&post=29792"}],"version-history":[{"count":12,"href":"https:\/\/iuzb.de\/index.php?rest_route=\/wp\/v2\/posts\/29792\/revisions"}],"predecessor-version":[{"id":29805,"href":"https:\/\/iuzb.de\/index.php?rest_route=\/wp\/v2\/posts\/29792\/revisions\/29805"}],"wp:featuredmedia":[{"embeddable":true,"href":"https:\/\/iuzb.de\/index.php?rest_route=\/wp\/v2\/media\/29647"}],"wp:attachment":[{"href":"https:\/\/iuzb.de\/index.php?rest_route=%2Fwp%2Fv2%2Fmedia&parent=29792"}],"wp:term":[{"taxonomy":"category","embeddable":true,"href":"https:\/\/iuzb.de\/index.php?rest_route=%2Fwp%2Fv2%2Fcategories&post=29792"},{"taxonomy":"post_tag","embeddable":true,"href":"https:\/\/iuzb.de\/index.php?rest_route=%2Fwp%2Fv2%2Ftags&post=29792"}],"curies":[{"name":"wp","href":"https:\/\/api.w.org\/{rel}","templated":true}]}}