{"id":29685,"date":"2020-03-21T17:30:54","date_gmt":"2020-03-21T16:30:54","guid":{"rendered":"http:\/\/iuzb.de\/?p=29685"},"modified":"2023-06-15T10:46:07","modified_gmt":"2023-06-15T08:46:07","slug":"1924-zahnpraxis-rahn-in-der-wilhelmstadt-in-berlin-spandau","status":"publish","type":"post","link":"https:\/\/iuzb.de\/?p=29685","title":{"rendered":"1924: Zahnpraxis Rahn in der Wilhelmstadt in Berlin Spandau"},"content":{"rendered":"<p>Dieses seltene Kleinod konnte ich \u00fcber ebay bei einem H\u00e4ndler aus \u00d6sterreich ordern:<\/p>\n<p><img loading=\"lazy\" decoding=\"async\" class=\"alignnone size-full wp-image-29686\" src=\"https:\/\/iuzb.de\/wp-content\/uploads\/2020\/03\/1924-05-27-Zahnpraxius-Rahn-Spandau-klein.jpg\" alt=\"\" width=\"1734\" height=\"1000\" srcset=\"https:\/\/iuzb.de\/wp-content\/uploads\/2020\/03\/1924-05-27-Zahnpraxius-Rahn-Spandau-klein.jpg 1734w, https:\/\/iuzb.de\/wp-content\/uploads\/2020\/03\/1924-05-27-Zahnpraxius-Rahn-Spandau-klein-450x260.jpg 450w, https:\/\/iuzb.de\/wp-content\/uploads\/2020\/03\/1924-05-27-Zahnpraxius-Rahn-Spandau-klein-1600x923.jpg 1600w, https:\/\/iuzb.de\/wp-content\/uploads\/2020\/03\/1924-05-27-Zahnpraxius-Rahn-Spandau-klein-208x120.jpg 208w, https:\/\/iuzb.de\/wp-content\/uploads\/2020\/03\/1924-05-27-Zahnpraxius-Rahn-Spandau-klein-768x443.jpg 768w, https:\/\/iuzb.de\/wp-content\/uploads\/2020\/03\/1924-05-27-Zahnpraxius-Rahn-Spandau-klein-1536x886.jpg 1536w\" sizes=\"auto, (max-width: 1734px) 100vw, 1734px\" \/><\/p>\n<p>&nbsp;<\/p>\n<p><strong>Denstist Georg RAHN<\/strong>, vor der ZahnPraxis vermutlich seine Familie. Die Karte zeigt seine Praxis in die nach <a href=\"https:\/\/berlin.kauperts.de\/Strassen\/Weverstrasse-13595-Berlin\" target=\"_blank\" rel=\"noopener noreferrer\">Franz Rudolf Wever<\/a> benannte Weverstra\u00dfe 17 und ist gleichzeitig auch an ihn adressiert. Auff\u00e4llig, er ist Dentist, wird aber als Zahnarzt angeschrieben.<\/p>\n<p>Das Haus gibt es heute nicht mehr, dort befinden sich jetzt eine in den 60\/70iger Jahren erstelle <a href=\"https:\/\/www.google.com\/maps\/place\/Pichelsdorfer+Str.,+Berlin\/@52.5194944,13.1999606,3a,75y,190.88h,82.36t\/data=!3m6!1e1!3m4!1sexh7HKiB6YtTWn5Vq8mSVw!2e0!7i13312!8i6656!4m13!1m7!3m6!1s0x47a857b46188120b:0xb12ef5608325be95!2sPichelsdorfer+Str.,+Berlin!3b1!8m2!3d52.5203549!4d13.1978254!3m4!1s0x47a857b46188120b:0xb12ef5608325be95!8m2!3d52.5203549!4d13.1978254\" target=\"_blank\" rel=\"noopener noreferrer\">Wohnsiedlung<\/a>. Vor etwa 5 Jahren waren dort einige H\u00e4user aus der Umgebung in der <a href=\"https:\/\/www.morgenpost.de\/berlin\/article207957689\/Mieter-haetten-doch-in-Spandauer-Wohnanlage-bleiben-koennen.html\" target=\"_blank\" rel=\"noopener noreferrer\">Presse<\/a>, weil der Untergrund dort nicht mehr stabil war, Spandau ist eben eine ehemalige Sumpfwasserstadt.<\/p>\n<p>&nbsp;<\/p>\n<p><img loading=\"lazy\" decoding=\"async\" class=\"alignnone size-full wp-image-29687\" src=\"https:\/\/iuzb.de\/wp-content\/uploads\/2020\/03\/1924-Berlin-Adressbuch-Georg-Rahn-Dentist.jpg\" alt=\"\" width=\"776\" height=\"332\" srcset=\"https:\/\/iuzb.de\/wp-content\/uploads\/2020\/03\/1924-Berlin-Adressbuch-Georg-Rahn-Dentist.jpg 776w, https:\/\/iuzb.de\/wp-content\/uploads\/2020\/03\/1924-Berlin-Adressbuch-Georg-Rahn-Dentist-450x193.jpg 450w, https:\/\/iuzb.de\/wp-content\/uploads\/2020\/03\/1924-Berlin-Adressbuch-Georg-Rahn-Dentist-280x120.jpg 280w, https:\/\/iuzb.de\/wp-content\/uploads\/2020\/03\/1924-Berlin-Adressbuch-Georg-Rahn-Dentist-768x329.jpg 768w\" sizes=\"auto, (max-width: 776px) 100vw, 776px\" \/><\/p>\n<p>In der Umgebung der Spandauer <a href=\"https:\/\/de.wikipedia.org\/wiki\/Berlin-Wilhelmstadt\" target=\"_blank\" rel=\"noopener noreferrer\">Wilhelmstadt<\/a> leben zu dieser Zeit mehrere Menschen mit dem Nachnamen &#8222;Rahn&#8220;, in der<\/p>\n<ul>\n<li>Adamstra\u00dfe 34 ein Kapellmeister,<\/li>\n<li>G\u00f6telstra\u00dfe 104 eine Pension\u00e4rin,<\/li>\n<li>Weverstra\u00dfe 17 ein Schlosser,<\/li>\n<li>Weverstra\u00dfe 53 ein <a href=\"https:\/\/de.wikipedia.org\/wiki\/Stellmacherei\" target=\"_blank\" rel=\"noopener noreferrer\">Stellmacher,<\/a><\/li>\n<li>Wei\u00dfenburger Stra\u00dfe 25 ein Schlosser,<\/li>\n<li>und in Pichelsdorf in der Dorfstra\u00dfe 6a eine Witwe.<\/li>\n<\/ul>\n<p>Postalisch gelaufen ist die Karte am 27. Mai 1924. Spandau war zu diesem Zeitpunkt bereits seit fast 4 Jahren eingemeindet zu &#8222;<a href=\"https:\/\/de.wikipedia.org\/wiki\/Gro%C3%9F-Berlin\" target=\"_blank\" rel=\"noopener noreferrer\">Gro\u00df-Berlin<\/a>&#8222;. Eine Ma\u00dfnahme, welche aus meiner Sicht heute mit dem &#8222;Speckg\u00fcrtel&#8220; bzw. Brandenburg eigentlich wieder n\u00f6tig w\u00e4re.<\/p>\n<p>U.G.<\/p>\n<p>&nbsp;<\/p>\n","protected":false},"excerpt":{"rendered":"<p>Dieses seltene Kleinod konnte ich \u00fcber ebay bei einem H\u00e4ndler aus \u00d6sterreich ordern: &nbsp; Denstist Georg RAHN, vor der ZahnPraxis vermutlich seine Familie. Die Karte zeigt seine Praxis in die [&#8230;]<\/p>\n","protected":false},"author":13,"featured_media":0,"comment_status":"open","ping_status":"closed","sticky":false,"template":"","format":"standard","meta":{"ngg_post_thumbnail":0,"iawp_total_views":4,"footnotes":""},"categories":[123],"tags":[],"class_list":["post-29685","post","type-post","status-publish","format-standard","hentry","category-zahngeschichte"],"_links":{"self":[{"href":"https:\/\/iuzb.de\/index.php?rest_route=\/wp\/v2\/posts\/29685","targetHints":{"allow":["GET"]}}],"collection":[{"href":"https:\/\/iuzb.de\/index.php?rest_route=\/wp\/v2\/posts"}],"about":[{"href":"https:\/\/iuzb.de\/index.php?rest_route=\/wp\/v2\/types\/post"}],"author":[{"embeddable":true,"href":"https:\/\/iuzb.de\/index.php?rest_route=\/wp\/v2\/users\/13"}],"replies":[{"embeddable":true,"href":"https:\/\/iuzb.de\/index.php?rest_route=%2Fwp%2Fv2%2Fcomments&post=29685"}],"version-history":[{"count":9,"href":"https:\/\/iuzb.de\/index.php?rest_route=\/wp\/v2\/posts\/29685\/revisions"}],"predecessor-version":[{"id":41779,"href":"https:\/\/iuzb.de\/index.php?rest_route=\/wp\/v2\/posts\/29685\/revisions\/41779"}],"wp:attachment":[{"href":"https:\/\/iuzb.de\/index.php?rest_route=%2Fwp%2Fv2%2Fmedia&parent=29685"}],"wp:term":[{"taxonomy":"category","embeddable":true,"href":"https:\/\/iuzb.de\/index.php?rest_route=%2Fwp%2Fv2%2Fcategories&post=29685"},{"taxonomy":"post_tag","embeddable":true,"href":"https:\/\/iuzb.de\/index.php?rest_route=%2Fwp%2Fv2%2Ftags&post=29685"}],"curies":[{"name":"wp","href":"https:\/\/api.w.org\/{rel}","templated":true}]}}