{"id":29400,"date":"2020-02-25T14:14:37","date_gmt":"2020-02-25T13:14:37","guid":{"rendered":"http:\/\/iuzb.de\/?p=29400"},"modified":"2020-02-25T14:15:52","modified_gmt":"2020-02-25T13:15:52","slug":"pfaff-jahresabschluss-2018-im-bundesanzeiger-veroeffentlicht","status":"publish","type":"post","link":"https:\/\/iuzb.de\/?p=29400","title":{"rendered":"PFAFF: Jahresabschluss 2018 im Bundesanzeiger ver\u00f6ffentlicht"},"content":{"rendered":"<p>Der Jahresabschluss der Philipp-Pfaff-Institut Fortbildungseinrichtung der Landeszahn\u00e4rztekammern Berlin und Brandenburg GmbH f\u00fcr das Jahr 2018, wurde am 11.02.2020 im Bundesanzeiger ver\u00f6ffentlicht.<\/p>\n<p><a href=\"https:\/\/www.bundesanzeiger.de\/ebanzwww\/wexsservlet?session.sessionid=9e2659489b63e747c64338fcf650f331&amp;global_data.designmode=eb&amp;genericsearch_param.fulltext=Pfaff+Institut&amp;genericsearch_param.part_id=&amp;%28page.navid%3Dto_quicksearchlist%29=Suchen\" target=\"_blank\" rel=\"noopener noreferrer\">Hier<\/a> oder unter bundesanzeiger.de und dann Sucheingabe &#8222;Pfaff Institut&#8220;.<\/p>\n<p>Aus dem Jahresabschluss 2018:<\/p>\n<blockquote><p>8. Ertr\u00e4ge und Aufwendungen au\u00dferhalb der gew\u00f6hnlichen Gesch\u00e4ftst\u00e4tigkeit<br \/>\nDie in der Gewinn- und Verlustrechnung ausgewiesenen unregelm\u00e4\u00dfigen Erl\u00f6se in H\u00f6he von <strong>330.500,63 \u20ac<\/strong> resultiert aus einer Forderung gegen\u00fcber eines\/r ehemaligen Mitarbeiters\/in, die aufgrund eines Betrugsfalles entstanden ist. Diese Forderung unterliegt einem Ausfallrisiko, wodurch der Zahlungseingang unsicher ist. Aufgrund des strengen Niederstwertprinzips wurde diese zweifelhafte Forderung in H\u00f6he von 299.300,63 \u20ac wertberichtigt und ist in den Forderungen separat ausgewiesen.<\/p><\/blockquote>\n","protected":false},"excerpt":{"rendered":"<p>Der Jahresabschluss der Philipp-Pfaff-Institut Fortbildungseinrichtung der Landeszahn\u00e4rztekammern Berlin und Brandenburg GmbH f\u00fcr das Jahr 2018, wurde am 11.02.2020 im Bundesanzeiger ver\u00f6ffentlicht. Hier oder unter bundesanzeiger.de und dann Sucheingabe &#8222;Pfaff Institut&#8220;. [&#8230;]<\/p>\n","protected":false},"author":13,"featured_media":0,"comment_status":"open","ping_status":"closed","sticky":false,"template":"","format":"standard","meta":{"ngg_post_thumbnail":0,"iawp_total_views":1,"footnotes":""},"categories":[260],"tags":[],"class_list":["post-29400","post","type-post","status-publish","format-standard","hentry","category-philipp-pfaff-institut-zahnaerztekammer-berlin"],"_links":{"self":[{"href":"https:\/\/iuzb.de\/index.php?rest_route=\/wp\/v2\/posts\/29400","targetHints":{"allow":["GET"]}}],"collection":[{"href":"https:\/\/iuzb.de\/index.php?rest_route=\/wp\/v2\/posts"}],"about":[{"href":"https:\/\/iuzb.de\/index.php?rest_route=\/wp\/v2\/types\/post"}],"author":[{"embeddable":true,"href":"https:\/\/iuzb.de\/index.php?rest_route=\/wp\/v2\/users\/13"}],"replies":[{"embeddable":true,"href":"https:\/\/iuzb.de\/index.php?rest_route=%2Fwp%2Fv2%2Fcomments&post=29400"}],"version-history":[{"count":3,"href":"https:\/\/iuzb.de\/index.php?rest_route=\/wp\/v2\/posts\/29400\/revisions"}],"predecessor-version":[{"id":29414,"href":"https:\/\/iuzb.de\/index.php?rest_route=\/wp\/v2\/posts\/29400\/revisions\/29414"}],"wp:attachment":[{"href":"https:\/\/iuzb.de\/index.php?rest_route=%2Fwp%2Fv2%2Fmedia&parent=29400"}],"wp:term":[{"taxonomy":"category","embeddable":true,"href":"https:\/\/iuzb.de\/index.php?rest_route=%2Fwp%2Fv2%2Fcategories&post=29400"},{"taxonomy":"post_tag","embeddable":true,"href":"https:\/\/iuzb.de\/index.php?rest_route=%2Fwp%2Fv2%2Ftags&post=29400"}],"curies":[{"name":"wp","href":"https:\/\/api.w.org\/{rel}","templated":true}]}}