{"id":29393,"date":"2020-02-24T17:58:41","date_gmt":"2020-02-24T16:58:41","guid":{"rendered":"http:\/\/iuzb.de\/?p=29393"},"modified":"2020-08-13T10:11:57","modified_gmt":"2020-08-13T08:11:57","slug":"anfrage-an-zaek-berlin-zu-handlungsempfehlungen-im-umgang-mit-coronavirus-sars-cov-2-covid-19","status":"publish","type":"post","link":"https:\/\/iuzb.de\/?p=29393","title":{"rendered":"Anfrage an Z\u00c4K Berlin zu Handlungsempfehlungen im Umgang mit Coronavirus"},"content":{"rendered":"<p>Anfrage von heute Abend an die Zahn\u00e4rztekammer Berlin:<\/p>\n<blockquote><p>Sehr geehrter Herr Pr\u00e4sident Dr. Heegewaldt,<\/p>\n<p>welche Ma\u00dfnahmen r\u00e4t bitte die Zahn\u00e4rztekammer Berlin in Anbetracht der auf uns zukommenden Coronavirus SARS-CoV-2 \/ COVID-19 Problematik, insbesondere zum Schutz der Mitarbeiterinnen und Mitarbeiter zus\u00e4tzlich zu den \u00fcblichen Hygiene- und Infektionsschutzvorgaben?<\/p>\n<p>Mit freundlichen kollegialien Gr\u00fc\u00dfen<\/p>\n<p>Gerhard Gneist<br \/>\nDelegierter und Wahllistenf\u00fchrer IUZB e.V.<\/p>\n<p>&nbsp;<\/p>\n<p><u>Robert Koch Institut:<\/u><\/p>\n<p>&#8211; <a href=\"https:\/\/www.rki.de\/DE\/Content\/InfAZ\/N\/Neuartiges_Coronavirus\/Risikobewertung.html\" target=\"_blank\" rel=\"noopener noreferrer\">Aktuelle Risikobewertung<\/a> des RKI f\u00fcr Deutschland (wird laufend aktualisiert)<br \/>\n&#8211; <a href=\"https:\/\/www.rki.de\/DE\/Content\/InfAZ\/N\/Neuartiges_Coronavirus\/nCoV.html\" target=\"_blank\" rel=\"noopener noreferrer\">Seite des RKI zum neuartigen Coronavirus SARS-CoV-2: www.rki.de\/covid-19<\/a><br \/>\n&#8211; <a href=\"https:\/\/www.rki.de\/DE\/Content\/Infekt\/EpidBull\/Archiv\/2020\/07\/Art_01.html\" target=\"_blank\" rel=\"noopener noreferrer\">Informationen des RKI zu empfohlenen Infektionsschutzma\u00dfnahmen und Zielen<\/a> (Epid Bull 7\/2020, 13.2.2020)<\/p><\/blockquote>\n","protected":false},"excerpt":{"rendered":"<p>Anfrage von heute Abend an die Zahn\u00e4rztekammer Berlin: Sehr geehrter Herr Pr\u00e4sident Dr. Heegewaldt, welche Ma\u00dfnahmen r\u00e4t bitte die Zahn\u00e4rztekammer Berlin in Anbetracht der auf uns zukommenden Coronavirus SARS-CoV-2 \/ [&#8230;]<\/p>\n","protected":false},"author":13,"featured_media":29647,"comment_status":"open","ping_status":"closed","sticky":false,"template":"","format":"standard","meta":{"ngg_post_thumbnail":0,"iawp_total_views":0,"footnotes":""},"categories":[242,46],"tags":[],"class_list":["post-29393","post","type-post","status-publish","format-standard","has-post-thumbnail","hentry","category-infobriefe","category-zahnaerztekammer-berlin"],"_links":{"self":[{"href":"https:\/\/iuzb.de\/index.php?rest_route=\/wp\/v2\/posts\/29393","targetHints":{"allow":["GET"]}}],"collection":[{"href":"https:\/\/iuzb.de\/index.php?rest_route=\/wp\/v2\/posts"}],"about":[{"href":"https:\/\/iuzb.de\/index.php?rest_route=\/wp\/v2\/types\/post"}],"author":[{"embeddable":true,"href":"https:\/\/iuzb.de\/index.php?rest_route=\/wp\/v2\/users\/13"}],"replies":[{"embeddable":true,"href":"https:\/\/iuzb.de\/index.php?rest_route=%2Fwp%2Fv2%2Fcomments&post=29393"}],"version-history":[{"count":8,"href":"https:\/\/iuzb.de\/index.php?rest_route=\/wp\/v2\/posts\/29393\/revisions"}],"predecessor-version":[{"id":29462,"href":"https:\/\/iuzb.de\/index.php?rest_route=\/wp\/v2\/posts\/29393\/revisions\/29462"}],"wp:featuredmedia":[{"embeddable":true,"href":"https:\/\/iuzb.de\/index.php?rest_route=\/wp\/v2\/media\/29647"}],"wp:attachment":[{"href":"https:\/\/iuzb.de\/index.php?rest_route=%2Fwp%2Fv2%2Fmedia&parent=29393"}],"wp:term":[{"taxonomy":"category","embeddable":true,"href":"https:\/\/iuzb.de\/index.php?rest_route=%2Fwp%2Fv2%2Fcategories&post=29393"},{"taxonomy":"post_tag","embeddable":true,"href":"https:\/\/iuzb.de\/index.php?rest_route=%2Fwp%2Fv2%2Ftags&post=29393"}],"curies":[{"name":"wp","href":"https:\/\/api.w.org\/{rel}","templated":true}]}}