{"id":29383,"date":"2020-02-24T17:25:09","date_gmt":"2020-02-24T16:25:09","guid":{"rendered":"http:\/\/iuzb.de\/?p=29383"},"modified":"2020-02-26T13:31:13","modified_gmt":"2020-02-26T12:31:13","slug":"schuetzt-die-milchzaehne-die-ersten-zehn-kitas-mit-biss-wurden-im-berliner-suedwesten-ausgezeichnet","status":"publish","type":"post","link":"https:\/\/iuzb.de\/?p=29383","title":{"rendered":"Sch\u00fctzt die Milchz\u00e4hne: Die ersten zehn &#8222;Kitas mit Biss&#8220; wurden im Berliner S\u00fcdwesten ausgezeichnet"},"content":{"rendered":"<p>Tagesspiegel, 20.02.2020:<\/p>\n<ul>\n<li><a href=\"https:\/\/leute.tagesspiegel.de\/steglitz-zehlendorf\/macher\/2020\/02\/20\/112804\/schuetzt-die-milchzaehne-die-ersten-zehn-kitas-mit-biss-wurden-im-suedwesten-ausgezeichnet\/\" target=\"_blank\" rel=\"noopener noreferrer\">Sch\u00fctzt die Milchz\u00e4hne: Die ersten zehn &#8222;Kitas mit Biss&#8220; wurden im S\u00fcdwesten ausgezeichnet<\/a><\/li>\n<\/ul>\n<p>&nbsp;<\/p>\n<p>Berliner Woche, 21.02.2020:<\/p>\n<ul>\n<li><a href=\"https:\/\/www.berliner-woche.de\/steglitz-zehlendorf\/c-soziales\/steglitz-zehlendorf-vergibt-erstmals-qualitaetssiegel-kita-mit-biss-an-neun-kitas_a253837?ref=curate\" target=\"_blank\" rel=\"noopener noreferrer\">Steglitz-Zehlendorf vergibt erstmals Qualit\u00e4tssiegel \u201eKita mit Biss\u201c an neun Kitas<\/a><\/li>\n<\/ul>\n<p>&nbsp;<\/p>\n<p><span style=\"text-decoration: underline;\">Weiterf\u00fchrend:<\/span><\/p>\n<p>LAG Landesarbeitsgemeinschaft Berlin zur Verh\u00fctung von Zahnerkrankungen (Gruppenprophylaxe) e. V.<\/p>\n<ul>\n<li><strong>KITA MIT BISS<\/strong><br \/>\n&#8211; <a href=\"https:\/\/www.lag-berlin.de\/inhalt\/hintergrund\" target=\"_blank\" rel=\"noopener noreferrer\">Hintergrund<\/a><br \/>\n&#8211; <a href=\"https:\/\/www.lag-berlin.de\/inhalt\/handlungsleitlinien\" target=\"_blank\" rel=\"noopener noreferrer\">Handlungsleitlinien<\/a><br \/>\n&#8211; <a href=\"https:\/\/www.lag-berlin.de\/inhalt\/elternarbeit\" target=\"_blank\" rel=\"noopener noreferrer\">Elternarbeit<\/a><br \/>\n&#8211; <a href=\"https:\/\/www.lag-berlin.de\/inhalt\/bezirke\" target=\"_blank\" rel=\"noopener noreferrer\">Bezirke<\/a><\/li>\n<\/ul>\n","protected":false},"excerpt":{"rendered":"<p>Tagesspiegel, 20.02.2020: Sch\u00fctzt die Milchz\u00e4hne: Die ersten zehn &#8222;Kitas mit Biss&#8220; wurden im S\u00fcdwesten ausgezeichnet &nbsp; Berliner Woche, 21.02.2020: Steglitz-Zehlendorf vergibt erstmals Qualit\u00e4tssiegel \u201eKita mit Biss\u201c an neun Kitas &nbsp; [&#8230;]<\/p>\n","protected":false},"author":13,"featured_media":0,"comment_status":"open","ping_status":"closed","sticky":false,"template":"","format":"standard","meta":{"ngg_post_thumbnail":0,"iawp_total_views":1,"footnotes":""},"categories":[177],"tags":[],"class_list":["post-29383","post","type-post","status-publish","format-standard","hentry","category-berlin"],"_links":{"self":[{"href":"https:\/\/iuzb.de\/index.php?rest_route=\/wp\/v2\/posts\/29383","targetHints":{"allow":["GET"]}}],"collection":[{"href":"https:\/\/iuzb.de\/index.php?rest_route=\/wp\/v2\/posts"}],"about":[{"href":"https:\/\/iuzb.de\/index.php?rest_route=\/wp\/v2\/types\/post"}],"author":[{"embeddable":true,"href":"https:\/\/iuzb.de\/index.php?rest_route=\/wp\/v2\/users\/13"}],"replies":[{"embeddable":true,"href":"https:\/\/iuzb.de\/index.php?rest_route=%2Fwp%2Fv2%2Fcomments&post=29383"}],"version-history":[{"count":6,"href":"https:\/\/iuzb.de\/index.php?rest_route=\/wp\/v2\/posts\/29383\/revisions"}],"predecessor-version":[{"id":29435,"href":"https:\/\/iuzb.de\/index.php?rest_route=\/wp\/v2\/posts\/29383\/revisions\/29435"}],"wp:attachment":[{"href":"https:\/\/iuzb.de\/index.php?rest_route=%2Fwp%2Fv2%2Fmedia&parent=29383"}],"wp:term":[{"taxonomy":"category","embeddable":true,"href":"https:\/\/iuzb.de\/index.php?rest_route=%2Fwp%2Fv2%2Fcategories&post=29383"},{"taxonomy":"post_tag","embeddable":true,"href":"https:\/\/iuzb.de\/index.php?rest_route=%2Fwp%2Fv2%2Ftags&post=29383"}],"curies":[{"name":"wp","href":"https:\/\/api.w.org\/{rel}","templated":true}]}}