{"id":29175,"date":"2020-02-14T10:00:46","date_gmt":"2020-02-14T09:00:46","guid":{"rendered":"http:\/\/iuzb.de\/?p=29175"},"modified":"2020-02-14T10:08:13","modified_gmt":"2020-02-14T09:08:13","slug":"bverfg-erfolgreiche-verfassungsbeschwerde-gegen-verbot-des-mitfuehrens-eines-blindenfuehrhundes-durch-eine-arztpraxis","status":"publish","type":"post","link":"https:\/\/iuzb.de\/?p=29175","title":{"rendered":"BVerfG: Erfolgreiche Verfassungsbeschwerde gegen Verbot des Mitf\u00fchrens eines Blindenf\u00fchrhundes (in eine Arztpraxis)"},"content":{"rendered":"<p style=\"text-align: justify;\">Mit heute ver\u00f6ffentlichtem Beschluss hat die 2. Kammer des Zweiten Senats der Verfassungsbeschwerde einer blinden Beschwerdef\u00fchrerin als offensichtlich begr\u00fcndet stattgegeben und die Sache zur erneuten Entscheidung an das Kammergericht zur\u00fcckverwiesen.<\/p>\n<p style=\"text-align: justify;\">Der Beschwerdef\u00fchrerin war durch die \u00c4rzte einer Gemeinschaftspraxis verboten worden, ihre Blindenf\u00fchrh\u00fcndin bei der f\u00fcr sie notwendigen Durchquerung der Praxis mitzuf\u00fchren.<\/p>\n<p style=\"text-align: justify;\">Der dies best\u00e4tigende Gerichtsbeschluss verletzt die Beschwerdef\u00fchrerin in ihrem Recht aus <a href=\"https:\/\/www.gesetze-im-internet.de\/gg\/art_3.html\" target=\"_blank\" rel=\"noopener noreferrer\">Art. 3 Abs. 3 Satz 2 GG<\/a>, weil das Gericht bei der Auslegung der einschl\u00e4gigen Vorschriften des Allgemeinen Gleichbehandlungsgesetzes (AGG) die Tragweite des besonderen Gleichheitsrechts und seine Ausstrahlungswirkung auf das b\u00fcrgerliche Recht nicht hinreichend ber\u00fccksichtigt hat, indem es in dem scheinbar neutral formulierten Verbot, Hunde in die Praxis mitzuf\u00fchren, nicht zumindest eine mittelbare Benachteiligung der Beschwerdef\u00fchrerin erblickt hat. [&#8230;]<\/p>\n<p>Quelle: Bundesverfassungsgericht, <a href=\"https:\/\/www.bundesverfassungsgericht.de\/SharedDocs\/Pressemitteilungen\/DE\/2020\/bvg20-010.html\" target=\"_blank\" rel=\"noopener noreferrer\">Pressemitteilung Nr. 10\/2020<\/a> vom 14. Februar 2020 zu 2 BvR 1005\/18<\/p>\n<p>&nbsp;<\/p>\n<p><span style=\"text-decoration: underline;\">Siehe auch:<\/span> <a href=\"https:\/\/www.maz-online.de\/Lokales\/Teltow-Flaeming\/Blindenhund-Till-muss-draussen-bleiben\" target=\"_blank\" rel=\"noopener noreferrer\">Blindenhund Till muss drau\u00dfen bleiben<\/a> in M\u00e4rkische Allgemeine vom 09.10.2015<\/p>\n","protected":false},"excerpt":{"rendered":"<p>Mit heute ver\u00f6ffentlichtem Beschluss hat die 2. Kammer des Zweiten Senats der Verfassungsbeschwerde einer blinden Beschwerdef\u00fchrerin als offensichtlich begr\u00fcndet stattgegeben und die Sache zur erneuten Entscheidung an das Kammergericht zur\u00fcckverwiesen. [&#8230;]<\/p>\n","protected":false},"author":13,"featured_media":0,"comment_status":"open","ping_status":"closed","sticky":false,"template":"","format":"standard","meta":{"ngg_post_thumbnail":0,"iawp_total_views":2,"footnotes":""},"categories":[169,68],"tags":[],"class_list":["post-29175","post","type-post","status-publish","format-standard","hentry","category-bverfg","category-recht"],"_links":{"self":[{"href":"https:\/\/iuzb.de\/index.php?rest_route=\/wp\/v2\/posts\/29175","targetHints":{"allow":["GET"]}}],"collection":[{"href":"https:\/\/iuzb.de\/index.php?rest_route=\/wp\/v2\/posts"}],"about":[{"href":"https:\/\/iuzb.de\/index.php?rest_route=\/wp\/v2\/types\/post"}],"author":[{"embeddable":true,"href":"https:\/\/iuzb.de\/index.php?rest_route=\/wp\/v2\/users\/13"}],"replies":[{"embeddable":true,"href":"https:\/\/iuzb.de\/index.php?rest_route=%2Fwp%2Fv2%2Fcomments&post=29175"}],"version-history":[{"count":8,"href":"https:\/\/iuzb.de\/index.php?rest_route=\/wp\/v2\/posts\/29175\/revisions"}],"predecessor-version":[{"id":29183,"href":"https:\/\/iuzb.de\/index.php?rest_route=\/wp\/v2\/posts\/29175\/revisions\/29183"}],"wp:attachment":[{"href":"https:\/\/iuzb.de\/index.php?rest_route=%2Fwp%2Fv2%2Fmedia&parent=29175"}],"wp:term":[{"taxonomy":"category","embeddable":true,"href":"https:\/\/iuzb.de\/index.php?rest_route=%2Fwp%2Fv2%2Fcategories&post=29175"},{"taxonomy":"post_tag","embeddable":true,"href":"https:\/\/iuzb.de\/index.php?rest_route=%2Fwp%2Fv2%2Ftags&post=29175"}],"curies":[{"name":"wp","href":"https:\/\/api.w.org\/{rel}","templated":true}]}}