{"id":29102,"date":"2020-02-03T12:41:54","date_gmt":"2020-02-03T11:41:54","guid":{"rendered":"http:\/\/iuzb.de\/?p=29102"},"modified":"2020-02-14T15:41:41","modified_gmt":"2020-02-14T14:41:41","slug":"zaek-berlin-einladung-zur-delegiertenversammlung-am-13-02-2020","status":"publish","type":"post","link":"https:\/\/iuzb.de\/?p=29102","title":{"rendered":"Z\u00c4K Berlin: Einladung zur Delegiertenversammlung am 13.02.2020"},"content":{"rendered":"<ul>\n<li>Donnerstag, 13. Februar 2020<\/li>\n<li>19:00 Uhr c.t.<\/li>\n<li>10711 Berlin, Georg-Wilhelm-Str. 16 (KZV Berlin)<\/li>\n<\/ul>\n<table>\n<tbody>\n<tr>\n<td colspan=\"2\">Tagesordnung:<\/td>\n<\/tr>\n<tr>\n<td style=\"text-align: left; vertical-align: top;\">1.<\/td>\n<td style=\"text-align: left; vertical-align: top;\">Begr\u00fc\u00dfung, Ehrung, Verstorbener<\/td>\n<\/tr>\n<tr>\n<td style=\"text-align: left; vertical-align: top;\">2.<\/td>\n<td style=\"text-align: left; vertical-align: top;\">Protokollgenehmigung, Einspr\u00fcche<\/td>\n<\/tr>\n<tr>\n<td style=\"text-align: left; vertical-align: top;\">3.<\/td>\n<td style=\"text-align: left; vertical-align: top;\">Bericht des Vorstandes<\/td>\n<\/tr>\n<tr>\n<td style=\"text-align: left; vertical-align: top;\">4.<\/td>\n<td style=\"text-align: left; vertical-align: top;\">Fragestunde<\/td>\n<\/tr>\n<tr>\n<td style=\"text-align: left; vertical-align: top;\">5.<\/td>\n<td style=\"text-align: left; vertical-align: top;\">Antr\u00e4ge<\/p>\n<p>a) Digitalisierung der Zahnheilkunde angemessen verg\u00fcten<br \/>\nb) Gleiche Wettbewerbsbedingungen schaffen<br \/>\nc) B\u00fcrokratie abbauen &#8211; Praxen entlasten<br \/>\nd) Fremdinvestoren in der Zahnmedizin<br \/>\ne) Resolution<br \/>\nf) Einladung Delegierte Berliner Zahn\u00e4rztetag<\/td>\n<\/tr>\n<tr>\n<td style=\"text-align: left; vertical-align: top;\">6.<\/td>\n<td style=\"text-align: left; vertical-align: top;\">Verschiedenes<\/td>\n<\/tr>\n<\/tbody>\n<\/table>\n<p>&nbsp;<\/p>\n","protected":false},"excerpt":{"rendered":"<p>Donnerstag, 13. Februar 2020 19:00 Uhr c.t. 10711 Berlin, Georg-Wilhelm-Str. 16 (KZV Berlin) Tagesordnung: 1. Begr\u00fc\u00dfung, Ehrung, Verstorbener 2. Protokollgenehmigung, Einspr\u00fcche 3. Bericht des Vorstandes 4. Fragestunde 5. Antr\u00e4ge a) [&#8230;]<\/p>\n","protected":false},"author":13,"featured_media":0,"comment_status":"open","ping_status":"closed","sticky":false,"template":"","format":"standard","meta":{"ngg_post_thumbnail":0,"iawp_total_views":1,"footnotes":""},"categories":[91,46],"tags":[],"class_list":["post-29102","post","type-post","status-publish","format-standard","hentry","category-delegiertenversammlung","category-zahnaerztekammer-berlin"],"_links":{"self":[{"href":"https:\/\/iuzb.de\/index.php?rest_route=\/wp\/v2\/posts\/29102","targetHints":{"allow":["GET"]}}],"collection":[{"href":"https:\/\/iuzb.de\/index.php?rest_route=\/wp\/v2\/posts"}],"about":[{"href":"https:\/\/iuzb.de\/index.php?rest_route=\/wp\/v2\/types\/post"}],"author":[{"embeddable":true,"href":"https:\/\/iuzb.de\/index.php?rest_route=\/wp\/v2\/users\/13"}],"replies":[{"embeddable":true,"href":"https:\/\/iuzb.de\/index.php?rest_route=%2Fwp%2Fv2%2Fcomments&post=29102"}],"version-history":[{"count":3,"href":"https:\/\/iuzb.de\/index.php?rest_route=\/wp\/v2\/posts\/29102\/revisions"}],"predecessor-version":[{"id":29105,"href":"https:\/\/iuzb.de\/index.php?rest_route=\/wp\/v2\/posts\/29102\/revisions\/29105"}],"wp:attachment":[{"href":"https:\/\/iuzb.de\/index.php?rest_route=%2Fwp%2Fv2%2Fmedia&parent=29102"}],"wp:term":[{"taxonomy":"category","embeddable":true,"href":"https:\/\/iuzb.de\/index.php?rest_route=%2Fwp%2Fv2%2Fcategories&post=29102"},{"taxonomy":"post_tag","embeddable":true,"href":"https:\/\/iuzb.de\/index.php?rest_route=%2Fwp%2Fv2%2Ftags&post=29102"}],"curies":[{"name":"wp","href":"https:\/\/api.w.org\/{rel}","templated":true}]}}