{"id":28923,"date":"2019-12-22T17:25:17","date_gmt":"2019-12-22T16:25:17","guid":{"rendered":"http:\/\/iuzb.de\/?p=28923"},"modified":"2019-12-22T17:29:03","modified_gmt":"2019-12-22T16:29:03","slug":"bundesverwaltungsgericht-aca-europe-besorgt-ueber-situation-der-richterinnen-und-richter-in-polen","status":"publish","type":"post","link":"https:\/\/iuzb.de\/?p=28923","title":{"rendered":"Bundesverwaltungsgericht: ACA-Europe besorgt \u00fcber Situation der Richterinnen und Richter in Polen"},"content":{"rendered":"<p><a href=\"http:\/\/www.aca-europe.eu\/index.php\/en\/\" target=\"_blank\" rel=\"noopener noreferrer\">ACA-Europe<\/a>, die Vereinigung der Staatsr\u00e4te und obersten Verwaltungsgerichte der Europ\u00e4ischen Union, hat am heutigen Tag eine Pressemitteilung ver\u00f6ffentlicht, in der sich die Organisation ernsthaft besorgt \u00fcber die Entwicklungen in Polen hinsichtlich des Status der Richterinnen und Richter zeigt.<\/p>\n<p>ACA-Europe sieht dort den fundamentalen rechtsstaatlichen Grundsatz der Unabh\u00e4ngigkeit der Justiz gef\u00e4hrdet.<\/p>\n<p>Der Pr\u00e4sident des Bundesverwaltungsgerichts, Prof. Dr. Dr. h.c. Klaus Rennert, der zugleich das Amt des Pr\u00e4sidenten von ACA-Europe innehat, teilt diese Einsch\u00e4tzung. Der vollst\u00e4ndige Wortlaut der Pressemitteilung von ACA-Europe ist beigef\u00fcgt.<\/p>\n<p>Zu dieser Pressemitteilung gibt es erg\u00e4nzendes <a href=\"https:\/\/bverwg.de\/presse\/assets\/material_2019_97.zip\" target=\"_blank\" rel=\"noopener noreferrer\">Material<\/a>.<\/p>\n<p>Quelle: Bundesverwaltungsgericht, <a href=\"https:\/\/www.bverwg.de\/pm\/2019\/97\" target=\"_blank\" rel=\"noopener noreferrer\">Pressemitteilung Nr. 97\/2019 vom 20.12.2019<\/a><\/p>\n","protected":false},"excerpt":{"rendered":"<p>ACA-Europe, die Vereinigung der Staatsr\u00e4te und obersten Verwaltungsgerichte der Europ\u00e4ischen Union, hat am heutigen Tag eine Pressemitteilung ver\u00f6ffentlicht, in der sich die Organisation ernsthaft besorgt \u00fcber die Entwicklungen in Polen [&#8230;]<\/p>\n","protected":false},"author":13,"featured_media":0,"comment_status":"open","ping_status":"closed","sticky":false,"template":"","format":"standard","meta":{"ngg_post_thumbnail":0,"iawp_total_views":2,"footnotes":""},"categories":[79],"tags":[],"class_list":["post-28923","post","type-post","status-publish","format-standard","hentry","category-bverwg"],"_links":{"self":[{"href":"https:\/\/iuzb.de\/index.php?rest_route=\/wp\/v2\/posts\/28923","targetHints":{"allow":["GET"]}}],"collection":[{"href":"https:\/\/iuzb.de\/index.php?rest_route=\/wp\/v2\/posts"}],"about":[{"href":"https:\/\/iuzb.de\/index.php?rest_route=\/wp\/v2\/types\/post"}],"author":[{"embeddable":true,"href":"https:\/\/iuzb.de\/index.php?rest_route=\/wp\/v2\/users\/13"}],"replies":[{"embeddable":true,"href":"https:\/\/iuzb.de\/index.php?rest_route=%2Fwp%2Fv2%2Fcomments&post=28923"}],"version-history":[{"count":2,"href":"https:\/\/iuzb.de\/index.php?rest_route=\/wp\/v2\/posts\/28923\/revisions"}],"predecessor-version":[{"id":28925,"href":"https:\/\/iuzb.de\/index.php?rest_route=\/wp\/v2\/posts\/28923\/revisions\/28925"}],"wp:attachment":[{"href":"https:\/\/iuzb.de\/index.php?rest_route=%2Fwp%2Fv2%2Fmedia&parent=28923"}],"wp:term":[{"taxonomy":"category","embeddable":true,"href":"https:\/\/iuzb.de\/index.php?rest_route=%2Fwp%2Fv2%2Fcategories&post=28923"},{"taxonomy":"post_tag","embeddable":true,"href":"https:\/\/iuzb.de\/index.php?rest_route=%2Fwp%2Fv2%2Ftags&post=28923"}],"curies":[{"name":"wp","href":"https:\/\/api.w.org\/{rel}","templated":true}]}}