{"id":28902,"date":"2019-12-22T10:31:25","date_gmt":"2019-12-22T09:31:25","guid":{"rendered":"http:\/\/iuzb.de\/?p=28902"},"modified":"2021-01-23T10:56:53","modified_gmt":"2021-01-23T09:56:53","slug":"28902","status":"publish","type":"post","link":"https:\/\/iuzb.de\/?p=28902","title":{"rendered":"Telematik Bundestags-Petition: Keine zentrale Datenspeicherung s\u00e4mtlicher Patientendaten &#8211; Mitzeichnungsfrist 16.01.2020"},"content":{"rendered":"<p>Liebe Kollegen und Kolleginnen!<\/p>\n<p>Ich bitte um Aufmerksamkeit f\u00fcr eine wichtige Petition!<\/p>\n<p>Es ist v\u00f6llig unstrittig unter Fachleuten, dass die Telematikinfrastruktur UND das DVG unsicher sind und die Datenhoheit der B\u00fcrger und B\u00fcrgerinnen und der Gesundheitsdienstleister aufhebt und dem Staat zuschiebt.<\/p>\n<p>Dazu kann man sehr leicht sehr viel finden, z.B. diese Beitr\u00e4ge:<\/p>\n<ul>\n<li><a href=\"https:\/\/www.heise.de\/select\/ct\/2019\/26\/1576431959662172\" target=\"_blank\" rel=\"noopener noreferrer\">Die Bomben Ticken<\/a> von Thomas Maus in c&#8217;t 26\/2019, S. 166 &#8211; 171<\/li>\n<li><a href=\"https:\/\/www.hr-inforadio.de\/podcast\/netzwelt\/patientendaten-in-gefahr--kritik-an-der-telematikinfrastruktur,podcast-episode-61770.html\" target=\"_blank\" rel=\"noopener noreferrer\">Patientendaten in Gefahr? \u2013 Kritik an der Telematikinfrastruktur<\/a>, hr info Podecast<\/li>\n<li><a href=\"https:\/\/www.zdf.de\/dokumentation\/zdfzoom\/zdfzoom-der-glaeserne-patient---daten-in-gefahr-100.html\" target=\"_blank\" rel=\"noopener noreferrer\">Der gl\u00e4serne Patient &#8211; Daten in Gefahr?<\/a> Ein Film von Julia L\u00f6sch, ZDF<\/li>\n<\/ul>\n<p>Der Kollege Dr. Andreas Mei\u00dfner, Psychiater aus M\u00fcnchen, hat hervorragende Arbeit, sehr sachlich und seri\u00f6s, geleistet.<\/p>\n<p>Hier dazu die Links:<\/p>\n<ul>\n<li>Petition Gesundheitsdaten in Gefahrt &#8211; Keine zentrale Datenspeicherung s\u00e4mtlicher Patientendaten; Anschluss von Arzt- und Psychotherapiepraxen an die Telematik-Infrastruktur auf freiwilliger Basis <a href=\"http:\/\/r.news.kollegennetzwerk.de\/mk\/cl\/f\/EYfrasC6E7iiMfNDeAMSKZKUFvdynjlwymTC7azHI4f2naHKPGFDvxzctnHph3hA1-vp1AE6RqqDUfIe5TKRrIHAL1C1tUfTWB3-DlA5r30m7levs6RCWfx9w-RZUo_1H78OEkWYNhe4QcVLjF31yOKcKmQ1LbH7-JMY3j8jqw6ttUfhhNySIH_XLx7L4Nn5DWFACtigysfeaMCCIWIBsAokU8NZ3RSPcbBrf7bsjzD_EssK9KMNyw\" target=\"_blank\" rel=\"noopener noreferrer\">(PDF)<\/a><\/li>\n<li>Infos zur Petition als Faltblatt DIN-A-5 <a href=\"http:\/\/r.news.kollegennetzwerk.de\/mk\/cl\/f\/9lZ5ngJsLrItfPVowLqSwA4THffEOCAa2ubmZtTz6KyLzm4dr9kup30VymQptKt4VUXUW-YUVACXmCbsJIOmV4m4xv7o9DDphkeKq-MAyeTbr37x5wLXqNz4mEovdpSWqy-Em7EfOUXAPKrqnDEevrPoGllu1xn1vxNUoYaj4dU1SgjdF7l6sGW8VKj-QLF41BRDeL8p3g9rbbJkfez3GNrkmbJ6pAN-rWVPTFphLtRL_3pTDXX8ydsOQMx3H7QZsZD5qN1prigw01MimBlY2pMk\" target=\"_blank\" rel=\"noopener noreferrer\">(PDF)<\/a><\/li>\n<li>Petition in einfacher Sprache <a href=\"http:\/\/r.news.kollegennetzwerk.de\/mk\/cl\/f\/z6xaIFGdzB0vTBVu3StpGyT3mIMJwHqJKYVUh2VK3uByU77PUcI0ZsN-SZcBLD9OOODZHU-wqKYKbgpL3q7Vz9bs-dEPu7rLxRyHcLuBQQ9l8ge3ItMjFjMukUVGMpnhiIuGYC0TnPIuzQoCcSfkldH3zjD9F6gq5s2aD5z037q_QCYDqxrqKbnQLbVhjaFWQkUdaJ4wXvGgx9cw6ycqKMBmhII7yvOFirERJF42mhsjl10T9Ep0aSU3je5W5kXuNTiujr1rXL4L6PvUfq6T6LRt\">(PDF)<\/a><\/li>\n<li>Infos zur Petition DIN-A-4 <a href=\"http:\/\/r.news.kollegennetzwerk.de\/mk\/cl\/f\/lulvD7XnjUU32gpR5I0FZfudJ6Ge2kLYpFTYQDn9SiegHNPlx6qfBzCZXetMfhFIhMnK4JRAECdpT7TUBgEAKE1WrKEURAef4pw_4xvXp8J5kk2QofoXS322cBSJ3zvC8QuXm3R4lnQ_-iixCNunvIss_5MwP86sZ9YHQwrbjWXLdCTBiM3clOqHCYlqk8RvB3OltuN7DsmmgUPoMuoIIwZx2pb8FuT8TY-d9j015O2znsZZQ3xBwIz4aEFlYy-57aBAiZE\" target=\"_blank\" rel=\"noopener noreferrer\">(PDF)<\/a><\/li>\n<li>Unterschriftenliste zur Petition <a href=\"http:\/\/r.news.kollegennetzwerk.de\/mk\/cl\/f\/gDnJu7h0UofKav33y-ItPgbEXSJ-tfybOOivdJCW2V_dKVPF0f-2ToV5qgsbRW3j6bzrjAEQEUmBr6vf1ig9XKlFNqu_b4HRRcAlyaXxSRPtjjEo8PPbnCW0sztkroyyy1YMH0t0QB7zwZ-1owU2KQmt7I8i2tBpGqqPlzxl1j4_OQwssqIoGN9pl1ru2kCRnfifNRyBvEnJxywVyU8pQiONJcCaBKEFHyVz9UvTwlX7bxth5BusEuiH-21mmny2m5hk\" target=\"_blank\" rel=\"noopener noreferrer\">(PDF)<\/a><\/li>\n<\/ul>\n<p>Endlich, nach unendlicher Verz\u00f6gerung seitens der Petitionsstelle, ist nun seine Petition online!<\/p>\n<ul>\n<li><span style=\"text-decoration: underline;\"><strong>Ich m\u00f6chte aufrufen, diese zu zeichnen.<\/strong> <\/span><\/li>\n<\/ul>\n<p>Der Nutzen ist f\u00fcr uns alle \u2013 so finde ich \u2013 sehr hoch!<\/p>\n<p>Petition &#8222;Gesundheitsdaten in Gefahr&#8220; ist seit 2 Tagen online. Und geht ab wie eine Rakete. Bisher haben die Hauptpetenten und Helfeshelfer schon \u00fcber 40.000 Unterschriften auf Papier zusammen, bei 50.000 Mitzeichnern ist das Quorum erf\u00fcllt und die Petenten k\u00f6nnen pers\u00f6nlich vor dem Petitionsausschuss das Anliegen vorbringen. Wenn es sehr viel mehr werden, hat das Einfluss auf die politische Wahrnehmung.\u00a0 Wer noch nicht hat, kann es hier tun:<\/p>\n<ul>\n<li><a href=\"https:\/\/epetitionen.bundestag.de\/content\/petitionen\/_2019\/_09\/_02\/Petition_98780.html\" target=\"_blank\" rel=\"noopener noreferrer\"><span style=\"font-size: 14pt;\">Petition 98780 &#8211; Kassenarztrecht<\/span><\/a><br \/>\n<strong>Keine zentrale Datenspeicherung s\u00e4mtlicher Patientendaten\/Anschluss von Arzt- und Psychotherapiepraxen an die Telematik-Infrastruktur (TI) nur auf freiwilliger Basis vom 02.09.2019<\/strong><br \/>\n<span style=\"font-size: 10pt;\">Erkl\u00e4rung f\u00fcr die Mituntereichnung: <\/span><br \/>\n<span style=\"font-size: 10pt;\">Rechts oben im Webfenster kann man sich neu registrieren; dann bekommt man eine Best\u00e4tigungsmail, die klickt man an; dann ist man registriert und geht am besten noch einmal \u00fcber den Link oben &#8211; <a href=\"https:\/\/epetitionen.bundestag.de\/content\/petitionen\/_2019\/_09\/_02\/Petition_98780.html\" target=\"_blank\" rel=\"noopener noreferrer\">hier<\/a> &#8211; und meldet sich kurz an und zeichnet.<\/span><\/li>\n<\/ul>\n<p>Ein sch\u00f6nes Weihnachtsfest!<\/p>\n<p><img loading=\"lazy\" decoding=\"async\" class=\"size-full wp-image-28908 alignleft\" src=\"https:\/\/iuzb.de\/wp-content\/uploads\/2019\/12\/Dr.StefanVerch.jpg\" alt=\"\" width=\"237\" height=\"163\" srcset=\"https:\/\/iuzb.de\/wp-content\/uploads\/2019\/12\/Dr.StefanVerch.jpg 237w, https:\/\/iuzb.de\/wp-content\/uploads\/2019\/12\/Dr.StefanVerch-174x120.jpg 174w\" sizes=\"auto, (max-width: 237px) 100vw, 237px\" \/><\/p>\n<p>&nbsp;<\/p>\n<p>&nbsp;<\/p>\n<p><strong>Dr. Stefan Verch<\/strong><\/p>\n","protected":false},"excerpt":{"rendered":"<p>Liebe Kollegen und Kolleginnen! Ich bitte um Aufmerksamkeit f\u00fcr eine wichtige Petition! Es ist v\u00f6llig unstrittig unter Fachleuten, dass die Telematikinfrastruktur UND das DVG unsicher sind und die Datenhoheit der [&#8230;]<\/p>\n","protected":false},"author":13,"featured_media":0,"comment_status":"open","ping_status":"closed","sticky":false,"template":"","format":"standard","meta":{"ngg_post_thumbnail":0,"iawp_total_views":0,"footnotes":""},"categories":[242,252],"tags":[],"class_list":["post-28902","post","type-post","status-publish","format-standard","hentry","category-infobriefe","category-telematik"],"_links":{"self":[{"href":"https:\/\/iuzb.de\/index.php?rest_route=\/wp\/v2\/posts\/28902","targetHints":{"allow":["GET"]}}],"collection":[{"href":"https:\/\/iuzb.de\/index.php?rest_route=\/wp\/v2\/posts"}],"about":[{"href":"https:\/\/iuzb.de\/index.php?rest_route=\/wp\/v2\/types\/post"}],"author":[{"embeddable":true,"href":"https:\/\/iuzb.de\/index.php?rest_route=\/wp\/v2\/users\/13"}],"replies":[{"embeddable":true,"href":"https:\/\/iuzb.de\/index.php?rest_route=%2Fwp%2Fv2%2Fcomments&post=28902"}],"version-history":[{"count":18,"href":"https:\/\/iuzb.de\/index.php?rest_route=\/wp\/v2\/posts\/28902\/revisions"}],"predecessor-version":[{"id":28926,"href":"https:\/\/iuzb.de\/index.php?rest_route=\/wp\/v2\/posts\/28902\/revisions\/28926"}],"wp:attachment":[{"href":"https:\/\/iuzb.de\/index.php?rest_route=%2Fwp%2Fv2%2Fmedia&parent=28902"}],"wp:term":[{"taxonomy":"category","embeddable":true,"href":"https:\/\/iuzb.de\/index.php?rest_route=%2Fwp%2Fv2%2Fcategories&post=28902"},{"taxonomy":"post_tag","embeddable":true,"href":"https:\/\/iuzb.de\/index.php?rest_route=%2Fwp%2Fv2%2Ftags&post=28902"}],"curies":[{"name":"wp","href":"https:\/\/api.w.org\/{rel}","templated":true}]}}