{"id":2875,"date":"2011-06-10T23:45:00","date_gmt":"2011-06-10T21:45:00","guid":{"rendered":"http:\/\/www.iuzb.org\/wordpress\/?p=2875"},"modified":"2020-12-29T09:15:02","modified_gmt":"2020-12-29T08:15:02","slug":"rechtssicherheit-in-den-zahnarztlichen-korperschaften","status":"publish","type":"post","link":"https:\/\/iuzb.de\/?p=2875","title":{"rendered":"Rechtssicherheit in den zahn\u00e4rztlichen K\u00f6rperschaften"},"content":{"rendered":"<p>&nbsp;<\/p>\n<p><strong>Sehr geehrter Herr Kollege Schmiedel, sehr geehrter Herr Kollege Essink,<\/strong><\/p>\n<p style=\"text-align: justify;\">Ihr <a href=\"https:\/\/iuzb.de\/wp-content\/uploads\/2011\/06\/diskontinuitaetundspiegelbildlichkeit-artikelzahnaerzteblaetterberlin-brandenburg-bremen.pdf\" target=\"_blank\" rel=\"noopener\">Schreiben<\/a> zum Thema &#8222;Diskontinuit\u00e4t und Spiegelbildlichkeit&#8220; wurde uns vom Sekretariat der Verwaltung des Versorgungswerkes zur Kenntnisnahme \u00fcbermittelt.<\/p>\n<p style=\"text-align: justify;\">Wir begr\u00fc\u00dfen es sehr, dass sowohl die Zahn\u00e4rztekammer Berlin als auch das Versorgungswerk nunmehr eine Kl\u00e4rung der Rechtsfragen anstreben und eine fundierte rechtliche Pr\u00fcfung beauftragen.<\/p>\n<p style=\"text-align: justify;\">Genau dies waren unsere Anliegen seit Kenntnis des Urteils des VG Berlin in der Sache VG <a href=\"https:\/\/iuzb.de\/wp-content\/uploads\/2011\/06\/Urteil_VG_Berlin_-_14_K_223.09_vom_09.02.2011-1.pdf\" target=\"_blank\" rel=\"noopener\">14 K 223.09<\/a>, die wir wiederholt zum Ausdruck gebracht haben. Insbesondere hat der Kollege Wei\u00df in der konstituierenden Sitzung der Vertreterversammlung des Versorgungswerkes am 07.05.2011 &#8211; vor den Wahlen von Verwaltungs- bzw. Aufsichtsausschuss &#8211; auf die Kl\u00e4rungsbed\u00fcrfitgkeit dieser Fragen und die daraus ggf. herr\u00fchrende Verfassungswidrigkeit des Satzungsrechts <a href=\"http:\/\/www.gpz-in-berlin.de\/wp-content\/uploads\/2011\/05\/2011-Mai-07-Anlage-3-konstituierende-VV-VBZ-Erkl%C3%A4rung-Wei%C3%9F.pdf\" target=\"_blank\" rel=\"noopener\">hingewiesen<\/a> mit seiner Erkl\u00e4rung zum &#8222;\u00c4rztekammerurteil&#8220; (VG <a href=\"https:\/\/iuzb.de\/wp-content\/uploads\/2011\/06\/Urteil_VG_Berlin_-_14_K_223.09_vom_09.02.2011-1.pdf\" target=\"_blank\" rel=\"noopener\">14 K 223.09<\/a>). Dabei hat er auch auf die m\u00f6gliche Unwirksamkeit der ggf. durchzuf\u00fchrenden Ausschusswahlen hingewiesen und damit unsere Bedenken gegen die Grundlagen der Wahldurchf\u00fchrung zum Ausdruck gebracht.<\/p>\n<p style=\"text-align: justify;\">Wie Ihnen der Kollege Kampmann in seinem Schreiben vom 07.06.2011 bereits angeboten hat, sind wir jederzeit bereit, konstruktiv an einer gemeinsamen Pr\u00fcfung und L\u00f6sung der durch das Urteil aufgeworfenen Fragen mitzuarbeiten. Die Erarbeitung verfassungskonformer Satzungsgrundlagen f\u00fcr die weitere Arbeit der Gremien liegt im Interesse aller ehrenamtlich engagierten Vertreter. Dabei stellen sich komplexe Fragen, die auch unter Ber\u00fccksichtigung der Besonderheiten des Versorgungswerkes der Z\u00c4K Berlin (im Hinblick auf die Beteiligung der Kammerbereiche Brandenburg und Bremen) eine umfassende Pr\u00fcfung erfordern. Eine &#8222;ergebnisoffene Pr\u00fcfung&#8220; verlangt dabei allerdings eine fundierte Abw\u00e4gung ohne Vorfestlegungen: So bleibt aus unserer Sicht z. B. gerade erst zu pr\u00fcfen, ob oder inwieweit die &#8222;Aussch\u00fcsse&#8220; des Versorgungswerkes \u00fcberhaupt als etwaige &#8222;Exekutivorgane&#8220; einzuordnen sind und welche Vorgaben f\u00fcr diese gelten.<\/p>\n<p style=\"text-align: justify;\">Wir w\u00fcrden es begr\u00fc\u00dfen, wenn diese Pr\u00fcfungen auch in Zusammenarbeit mit den Juristen geschehen k\u00f6nnte, welche die \u00c4rztekammer Berlin in dem Rechtsstreit zum o.g. Urteil vertreten haben und daher mit der Materie bestens vertraut sind. Zudem erachten wir die Einbeziehung der Senatsverwaltung als wichtig. Diese ist nicht nur die zust\u00e4ndige Rechtsaufsichtsbeh\u00f6rde, sondern hat das o.g. Urteil des VG Berlin (als dortiger Beklagter) angenommen und nicht weiter (im Wege der Berufung) zur \u00dcberpr\u00fcfung gestellt.<\/p>\n<p style=\"text-align: justify;\">Wir k\u00f6nnen unsere Bereitschaft zur Mitwirkung an einer Kl\u00e4rung der aufgeworfenen Fragen nur erneut bekunden und stehen f\u00fcr gemeinsame Er\u00f6rterungen im Rahmen der Gremien des Versorgungswerkes und der Z\u00c4K jederzeit zur Verf\u00fcgung.<\/p>\n<p style=\"text-align: justify;\"><strong>Mit freundlichen und kollegialen Gr\u00fc\u00dfen<\/strong><\/p>\n<p style=\"text-align: justify;\"><strong>Olaf Cornehlsen<br \/>\nDr. H. Dohmeier-de Haan<br \/>\nWinnetou Kampmann<br \/>\nDr. Lutz- Stephan Weiss<\/strong><\/p>\n<p style=\"text-align: justify;\">PS: Wir m\u00f6chten Sie bitten, dieses Schreiben zusammen mit Ihrem Anschreiben in den n\u00e4chsten Ausgaben der Mitteilungsbl\u00e4tter der Kammern Berlin, Brandenburg und Bremen zu ver\u00f6ffentlichen.<\/p>\n","protected":false},"excerpt":{"rendered":"<p>&nbsp; Sehr geehrter Herr Kollege Schmiedel, sehr geehrter Herr Kollege Essink, Ihr Schreiben zum Thema &#8222;Diskontinuit\u00e4t und Spiegelbildlichkeit&#8220; wurde uns vom Sekretariat der Verwaltung des Versorgungswerkes zur Kenntnisnahme \u00fcbermittelt. Wir [&#8230;]<\/p>\n","protected":false},"author":13,"featured_media":0,"comment_status":"open","ping_status":"closed","sticky":false,"template":"","format":"standard","meta":{"ngg_post_thumbnail":0,"iawp_total_views":0,"footnotes":""},"categories":[94],"tags":[],"class_list":["post-2875","post","type-post","status-publish","format-standard","hentry","category-spiegelbildlichkeit-versorgungswerk-vzb"],"_links":{"self":[{"href":"https:\/\/iuzb.de\/index.php?rest_route=\/wp\/v2\/posts\/2875","targetHints":{"allow":["GET"]}}],"collection":[{"href":"https:\/\/iuzb.de\/index.php?rest_route=\/wp\/v2\/posts"}],"about":[{"href":"https:\/\/iuzb.de\/index.php?rest_route=\/wp\/v2\/types\/post"}],"author":[{"embeddable":true,"href":"https:\/\/iuzb.de\/index.php?rest_route=\/wp\/v2\/users\/13"}],"replies":[{"embeddable":true,"href":"https:\/\/iuzb.de\/index.php?rest_route=%2Fwp%2Fv2%2Fcomments&post=2875"}],"version-history":[{"count":8,"href":"https:\/\/iuzb.de\/index.php?rest_route=\/wp\/v2\/posts\/2875\/revisions"}],"predecessor-version":[{"id":32425,"href":"https:\/\/iuzb.de\/index.php?rest_route=\/wp\/v2\/posts\/2875\/revisions\/32425"}],"wp:attachment":[{"href":"https:\/\/iuzb.de\/index.php?rest_route=%2Fwp%2Fv2%2Fmedia&parent=2875"}],"wp:term":[{"taxonomy":"category","embeddable":true,"href":"https:\/\/iuzb.de\/index.php?rest_route=%2Fwp%2Fv2%2Fcategories&post=2875"},{"taxonomy":"post_tag","embeddable":true,"href":"https:\/\/iuzb.de\/index.php?rest_route=%2Fwp%2Fv2%2Ftags&post=2875"}],"curies":[{"name":"wp","href":"https:\/\/api.w.org\/{rel}","templated":true}]}}