{"id":28716,"date":"2019-12-09T18:46:55","date_gmt":"2019-12-09T17:46:55","guid":{"rendered":"http:\/\/iuzb.de\/?p=28716"},"modified":"2019-12-09T18:52:45","modified_gmt":"2019-12-09T17:52:45","slug":"ehrennadel-der-deutschen-zahnaerzteschaft-fuer-zae-ilona-kronfeld-moehring-und-philipp-pfaff-preis-fuer-dr-stefan-herder","status":"publish","type":"post","link":"https:\/\/iuzb.de\/?p=28716","title":{"rendered":"Ehrennadel der deutschen Zahn\u00e4rzteschaft f\u00fcr Z\u00c4 Ilona Kronfeld-M\u00f6hring und Philipp-Pfaff-Preis f\u00fcr Dr. Stefan Herder"},"content":{"rendered":"<p style=\"text-align: justify;\"><em><strong>30 Jahre Prophylaxe-Seminar der Zahn\u00e4rztekammer Berlin<\/strong><\/em><\/p>\n<p>Berlin, 09.12.2019 \u2013 Anl\u00e4sslich des 30-j\u00e4hrigen Jubil\u00e4ums des Prophylaxe-Seminars der Zahn\u00e4rztekammer (Z\u00c4K) Berlin wurden am 7. Dezember 2019 gleich zwei Ehrungen ausgesprochen:<\/p>\n<ul>\n<li>Zahn\u00e4rztin Ilona Kronfeld-M\u00f6hring erhielt die Ehrennadel der deutschen Zahn\u00e4rzteschaft und Dr. Stefan Herder den Philipp-Pfaff-Preis.<\/li>\n<\/ul>\n<p style=\"text-align: justify;\"><strong>Zahn\u00e4rztin Ilona Kronfeld-M\u00f6hring<\/strong> wurde die Ehrennadel der deutschen Zahn\u00e4rzteschaft im Rahmen des Berliner Prophylaxetags verliehen. Ausgezeichnet wurde ihr besonderes Engagement bei der Initiierung, Konzeption und Umsetzung der organisierten Individualprophylaxe in Berlin und damit bei der Begr\u00fcndung der Prophylaxe-Seminare in Deutschland. \u201eDas Seminar f\u00fcr Zahnmedizinische Prophylaxeassistentinnen und -assistenten (ZMP) an unserem Philipp-Pfaff-Institut h\u00e4tte ohne sie nicht diese Erfolgsgeschichte geschrieben. Es ist das ma\u00dfgebliche Verdienst von Ilona Kronfeld-M\u00f6hring, dass das ZMP-Seminar aus den Kinderschuhen herausgewachsen ist und selbst\u00e4ndig laufen gelernt hat\u201c, so Dr. Karsten Heegewaldt, Pr\u00e4sident der Z\u00c4K Berlin in der Laudatio. \u201eDie damals gegr\u00fcndete Prophylaxe wurde bundesweit zum Erfolgsmodell. Sie diente als \u201aBlaupause\u2018 f\u00fcr die Individualprophylaxe-Seminare der anderen Zahn\u00e4rztekammern sowie f\u00fcr die Begr\u00fcndung des ZMP-Berufsbildes.\u201c Gemeinsam mit Kronfeld-M\u00f6hring sei der Grundstein f\u00fcr die Professionalisierung des Berufsbildes der Zahnmedizinischen Fachangestellten (ZFA) gelegt und die M\u00f6glichkeit geschaffen worden, sich fortzubilden und als Dentalhygienikerin aufzusteigen.<\/p>\n<p style=\"text-align: justify;\"><strong>Dr. Stefan Herder<\/strong> wurde bei einem Festabend, zu dem der Vorstand der Z\u00c4K Berlin zahlreiche G\u00e4ste aus dem Gesundheitswesen in das Harnack-Haus der Max-Planck-Gesellschaft eingeladen hatte, mit dem Philipp-Pfaff-Preis der Z\u00c4K Berlin ausgezeichnet. Der Zahnarzt erhielt den Ehrenpreis f\u00fcr die vor drei\u00dfig Jahren revolution\u00e4re Implementierung der Individualprophylaxe, die er als wissenschaftlicher Mitarbeiter von Prof. Jean-Fran\u00e7ois Roulet gemeinsam mit ihm sowie den Mitstreiterinnen und Mitstreitern Dr. Susanne Fath, Ilona Kronfeld-M\u00f6hring und Zahnarzt Georg Scherpf mit einigem Gegenwind eingef\u00fchrt hatte: \u201eDie Widerst\u00e4nde, die auch innerhalb der Zahn\u00e4rzteschaft zu \u00fcberwinden waren, waren vielf\u00e4ltig und heftig. In einem Artikel aus dieser Zeit wird in diesem Zusammenhang von \u201aDentalterroristen\u2018 gesprochen\u201c, erl\u00e4uterte Heegewaldt in seiner Rede zur Preisverleihung. Damals spielten sowohl wirtschaftliche Bedenken als auch die Professionalisierung der Zahnarzthelferinnen, wie der Beruf der ZFA 1989 noch hie\u00df, eine wichtige Rolle. Herder habe mit seinem Engagement wesentlich zum Paradigmenwechsel von der restaurativen zur pr\u00e4ventiven Zahnheilkunde beigetragen.<\/p>\n<p style=\"text-align: justify;\"><span style=\"text-decoration: underline;\">Der Philipp-Pfaff-Preis<\/span><br \/>\nDer Ehrenpreis der Zahn\u00e4rztekammer Berlin, seit 2019 benannt nach Philipp-Pfaff, wird an Pers\u00f6nlichkeiten oder Organisationen verliehen, die sich in herausragender Weise um den zahn\u00e4rztlichen Berufsstand verdient gemacht haben. Namensgeber des Preises ist der Mediziner Philipp Pfaff (1713 &#8211; 1766). Pfaff widmete sich der zu seiner Zeit v\u00f6llig unterentwickelten und verrufenen Zahnmedizin und ver\u00f6ffentlichte das erste Lehrbuch \u00fcber Zahnmedizin in deutscher Sprache: \u201eAbhandlung von den Z\u00e4hnen des menschlichen K\u00f6rpers und deren Krankheiten&#8220;. Damit legte er Mitte des 18. Jahrhunderts den Grundstein zu einer eigenst\u00e4ndigen Zahnheilkunde in Deutschland und gilt als Vordenker der modernen Zahnheilkunde.<\/p>\n<p>Quelle: Zahn\u00e4rztekammer Berlin, <a href=\"https:\/\/www.zaek-berlin.de\/presse\/meldungen\/aktuelles\/aktuelles-detail\/article\/ehrungen-fuer-zae-ilona-kronfeld-moehring-und-dr-stefan-herder-1.html\" target=\"_blank\" rel=\"noopener noreferrer\">Pressemitteilung<\/a> vom 09.12.2019<\/p>\n","protected":false},"excerpt":{"rendered":"<p>30 Jahre Prophylaxe-Seminar der Zahn\u00e4rztekammer Berlin Berlin, 09.12.2019 \u2013 Anl\u00e4sslich des 30-j\u00e4hrigen Jubil\u00e4ums des Prophylaxe-Seminars der Zahn\u00e4rztekammer (Z\u00c4K) Berlin wurden am 7. Dezember 2019 gleich zwei Ehrungen ausgesprochen: Zahn\u00e4rztin Ilona [&#8230;]<\/p>\n","protected":false},"author":13,"featured_media":0,"comment_status":"open","ping_status":"closed","sticky":false,"template":"","format":"standard","meta":{"ngg_post_thumbnail":0,"iawp_total_views":1,"footnotes":""},"categories":[264,46],"tags":[],"class_list":["post-28716","post","type-post","status-publish","format-standard","hentry","category-philipp-pfaff-preis","category-zahnaerztekammer-berlin"],"_links":{"self":[{"href":"https:\/\/iuzb.de\/index.php?rest_route=\/wp\/v2\/posts\/28716","targetHints":{"allow":["GET"]}}],"collection":[{"href":"https:\/\/iuzb.de\/index.php?rest_route=\/wp\/v2\/posts"}],"about":[{"href":"https:\/\/iuzb.de\/index.php?rest_route=\/wp\/v2\/types\/post"}],"author":[{"embeddable":true,"href":"https:\/\/iuzb.de\/index.php?rest_route=\/wp\/v2\/users\/13"}],"replies":[{"embeddable":true,"href":"https:\/\/iuzb.de\/index.php?rest_route=%2Fwp%2Fv2%2Fcomments&post=28716"}],"version-history":[{"count":3,"href":"https:\/\/iuzb.de\/index.php?rest_route=\/wp\/v2\/posts\/28716\/revisions"}],"predecessor-version":[{"id":28721,"href":"https:\/\/iuzb.de\/index.php?rest_route=\/wp\/v2\/posts\/28716\/revisions\/28721"}],"wp:attachment":[{"href":"https:\/\/iuzb.de\/index.php?rest_route=%2Fwp%2Fv2%2Fmedia&parent=28716"}],"wp:term":[{"taxonomy":"category","embeddable":true,"href":"https:\/\/iuzb.de\/index.php?rest_route=%2Fwp%2Fv2%2Fcategories&post=28716"},{"taxonomy":"post_tag","embeddable":true,"href":"https:\/\/iuzb.de\/index.php?rest_route=%2Fwp%2Fv2%2Ftags&post=28716"}],"curies":[{"name":"wp","href":"https:\/\/api.w.org\/{rel}","templated":true}]}}