{"id":28659,"date":"2019-12-05T12:37:58","date_gmt":"2019-12-05T11:37:58","guid":{"rendered":"http:\/\/iuzb.de\/?p=28659"},"modified":"2020-01-07T19:58:23","modified_gmt":"2020-01-07T18:58:23","slug":"radtke-klar-und-bekannt","status":"publish","type":"post","link":"https:\/\/iuzb.de\/?p=28659","title":{"rendered":"Radtke: &#8222;Mein Weltbild war immer klar und bekannt.&#8220;"},"content":{"rendered":"<p><strong><em>Antwortschreiben von <a href=\"https:\/\/de-de.facebook.com\/mariusradtke.afd\/\" target=\"_blank\" rel=\"noopener noreferrer\">Herrn Dr. Marius Radtke<\/a> zu:\u00a0\u201eDie AfD in unserem Berufsstand<\/em>\u201c<\/strong><\/p>\n<p>Der Verband der Zahn\u00e4rzte von Berlin hat das an ihn bzw. an Herrn Dr. J\u00f6rg-Peter Husemann (<a href=\"https:\/\/www.kzv-berlin.de\/kzv-berlin\/organe-und-struktur\/vorstand\/vita-husemann\/\" target=\"_blank\" rel=\"noopener noreferrer\">stellv. Vorstandsvorsitzender KZV Berlin<\/a>) gerichtete Antwortschreiben \u00fcber seine Webseite ins Internet gestellt. Wir bitten um inhaltliche Kenntnisnahme von Herrn Dr. Radtkes Antwort:<\/p>\n<blockquote><p><a href=\"https:\/\/www.zahnaerzteverband-berlin.de\/antwort-des-koll-radtke\/\" target=\"_blank\" rel=\"noopener noreferrer\">Verband der Zahn\u00e4rzte von Berlin:<\/a><br \/>\nAntwort des Koll. Radtke<br \/>\nIm Nachgang<\/p>\n<p>Im letzten Heft hatten wir einen Artikel der Koll. Husemann abgedruckt, wo er seine kritische Sicht auf die AFD und dies besonders vor dem Hintergrund, dass zwei Kollegen des FVDZ an exponierten Stellen f\u00fcr diese Partei arbeiten. Einer von Ihnen hatte uns eine Erwiderung gesandt, die wir hier nicht abdrucken werden. F\u00fcr Interessenten steht der Brief als Download zur Verf\u00fcgung.<\/p>\n<p><a href=\"https:\/\/www.zahnaerzteverband-berlin.de\/download\/959\/\" target=\"_blank\" rel=\"noopener noreferrer\">antwort_radtke.pdf<\/a><\/p><\/blockquote>\n<p><span style=\"text-decoration: underline;\">Weiterf\u00fchrend:<\/span><\/p>\n<ul>\n<li>IUZB: <a href=\"https:\/\/iuzb.de\/?p=27932\" target=\"_blank\" rel=\"noopener noreferrer\">Weckruf: \u201eDie AfD in unserem Berufsstand\u201c<\/a><\/li>\n<\/ul>\n","protected":false},"excerpt":{"rendered":"<p>Antwortschreiben von Herrn Dr. Marius Radtke zu:\u00a0\u201eDie AfD in unserem Berufsstand\u201c Der Verband der Zahn\u00e4rzte von Berlin hat das an ihn bzw. an Herrn Dr. J\u00f6rg-Peter Husemann (stellv. Vorstandsvorsitzender KZV [&#8230;]<\/p>\n","protected":false},"author":13,"featured_media":0,"comment_status":"open","ping_status":"closed","sticky":false,"template":"","format":"standard","meta":{"ngg_post_thumbnail":0,"iawp_total_views":5,"footnotes":""},"categories":[140,242,45,95,47,46,123],"tags":[],"class_list":["post-28659","post","type-post","status-publish","format-standard","hentry","category-fvdz","category-infobriefe","category-kzv-berlin","category-vdzvb","category-versorgungswerk-vzb","category-zahnaerztekammer-berlin","category-zahngeschichte"],"_links":{"self":[{"href":"https:\/\/iuzb.de\/index.php?rest_route=\/wp\/v2\/posts\/28659","targetHints":{"allow":["GET"]}}],"collection":[{"href":"https:\/\/iuzb.de\/index.php?rest_route=\/wp\/v2\/posts"}],"about":[{"href":"https:\/\/iuzb.de\/index.php?rest_route=\/wp\/v2\/types\/post"}],"author":[{"embeddable":true,"href":"https:\/\/iuzb.de\/index.php?rest_route=\/wp\/v2\/users\/13"}],"replies":[{"embeddable":true,"href":"https:\/\/iuzb.de\/index.php?rest_route=%2Fwp%2Fv2%2Fcomments&post=28659"}],"version-history":[{"count":12,"href":"https:\/\/iuzb.de\/index.php?rest_route=\/wp\/v2\/posts\/28659\/revisions"}],"predecessor-version":[{"id":28974,"href":"https:\/\/iuzb.de\/index.php?rest_route=\/wp\/v2\/posts\/28659\/revisions\/28974"}],"wp:attachment":[{"href":"https:\/\/iuzb.de\/index.php?rest_route=%2Fwp%2Fv2%2Fmedia&parent=28659"}],"wp:term":[{"taxonomy":"category","embeddable":true,"href":"https:\/\/iuzb.de\/index.php?rest_route=%2Fwp%2Fv2%2Fcategories&post=28659"},{"taxonomy":"post_tag","embeddable":true,"href":"https:\/\/iuzb.de\/index.php?rest_route=%2Fwp%2Fv2%2Ftags&post=28659"}],"curies":[{"name":"wp","href":"https:\/\/api.w.org\/{rel}","templated":true}]}}