{"id":28549,"date":"2019-11-29T09:14:32","date_gmt":"2019-11-29T08:14:32","guid":{"rendered":"http:\/\/iuzb.de\/?p=28549"},"modified":"2019-12-03T09:29:37","modified_gmt":"2019-12-03T08:29:37","slug":"einladung-zur-vertreverterversammlung-der-kzv-berlin-am-02-12-2019","status":"publish","type":"post","link":"https:\/\/iuzb.de\/?p=28549","title":{"rendered":"Einladung zur Vertreterversammlung der KZV Berlin am 02.12.2019"},"content":{"rendered":"<ul>\n<li>Montag 02. Dezember 2019<\/li>\n<li>19:00 Uhr<\/li>\n<li>KZV &#8222;Zahn\u00e4rztehaus&#8220;, 10711 Berlin, <a href=\"https:\/\/www.google.com\/maps\/place\/Georg-Wilhelm-Stra%C3%9Fe+16,+10711+Berlin\/@52.4998197,13.2881118,17z\/data=!3m1!4b1!4m5!3m4!1s0x47a850c50d659dcd:0xd49ebdfe52729679!8m2!3d52.4998197!4d13.2903005\" target=\"_blank\" rel=\"noopener noreferrer\">Georg-Wilhelm-Stra\u00dfe 16<\/a><\/li>\n<\/ul>\n<p><a href=\"https:\/\/www.kzv-berlin.de\/fileadmin\/user_upload\/KZV_Berlin\/1_Vertreterversammlung\/Tagesordnung_02_12_2019.pdf\" target=\"_blank\" rel=\"noopener noreferrer\">Tagesordnung<\/a>:<\/p>\n<table style=\"border-collapse: collapse; width: 100%; height: 576px;\">\n<tbody>\n<tr>\n<td style=\"width: 12.8572%; text-align: left; vertical-align: top;\">TOP 1<\/td>\n<td style=\"width: 87.1428%; text-align: left; vertical-align: top;\">Begr\u00fc\u00dfung, Feststellung der Anwesenheit, Totenehrung<\/td>\n<\/tr>\n<tr style=\"height: 24px;\">\n<td style=\"width: 12.8572%; text-align: left; vertical-align: top; height: 24px;\">TOP 2<\/td>\n<td style=\"width: 87.1428%; text-align: left; vertical-align: top; height: 24px;\">Protokoll der VV vom 09.09.2019<\/td>\n<\/tr>\n<tr style=\"height: 24px;\">\n<td style=\"width: 12.8572%; text-align: left; vertical-align: top; height: 24px;\"><a href=\"https:\/\/iuzb.de\/?p=28344\" target=\"_blank\" rel=\"noopener noreferrer\">Einschub<\/a><\/td>\n<td style=\"width: 87.1428%; text-align: left; vertical-align: top; height: 24px;\">Tagesordnungspunkte 10<span style=\"font-size: 14pt; color: #ff0000;\">*<\/span> und 11 aus der VV am 09.09.2019<\/td>\n<\/tr>\n<tr style=\"height: 24px;\">\n<td style=\"width: 12.8572%; text-align: left; vertical-align: top; height: 24px;\">TOP 3<\/td>\n<td style=\"width: 87.1428%; text-align: left; vertical-align: top; height: 24px;\">Bericht des Vorsitzenden der VV<\/td>\n<\/tr>\n<tr style=\"height: 24px;\">\n<td style=\"width: 12.8572%; text-align: left; vertical-align: top; height: 24px;\">TOP 4<\/td>\n<td style=\"width: 87.1428%; text-align: left; vertical-align: top; height: 24px;\">Bericht (e) aus den Aussch\u00fcssen<\/td>\n<\/tr>\n<tr style=\"height: 24px;\">\n<td style=\"width: 12.8572%; text-align: left; vertical-align: top; height: 24px;\">TOP 5<\/td>\n<td style=\"width: 87.1428%; text-align: left; vertical-align: top; height: 24px;\">Bericht des Vorstandes<\/td>\n<\/tr>\n<tr style=\"height: 24px;\">\n<td style=\"width: 12.8572%; text-align: left; vertical-align: top; height: 24px;\">TOP 6<\/td>\n<td style=\"width: 87.1428%; text-align: left; vertical-align: top; height: 24px;\">Fragestunde<\/td>\n<\/tr>\n<tr style=\"height: 24px;\">\n<td style=\"width: 12.8572%; text-align: left; vertical-align: top; height: 24px;\">TOP 7<\/td>\n<td style=\"width: 87.1428%; text-align: left; vertical-align: top; height: 24px;\">Antr\u00e4ge<\/td>\n<\/tr>\n<tr style=\"height: 24px;\">\n<td style=\"width: 12.8572%; text-align: left; vertical-align: top; height: 24px;\">TOP 8<\/td>\n<td style=\"width: 87.1428%; text-align: left; vertical-align: top; height: 24px;\">Antrag des Verbandes der Zahn\u00e4rztinnen und Zahn\u00e4rzte von Berlin<br \/>\n\u201e\u00c4nderung der Gesch\u00e4ftsordnung der VV\u201c (Anlage 1)<\/td>\n<\/tr>\n<tr style=\"height: 24px;\">\n<td style=\"width: 12.8572%; text-align: left; vertical-align: top; height: 24px;\">TOP 9<\/td>\n<td style=\"width: 87.1428%; text-align: left; vertical-align: top; height: 24px;\">Jahresabschluss f\u00fcr das Rechnungsjahr 2018 Bilanz sowie Ertrags- und Aufwandsrechnung<br \/>\nder KZV Berlin (Pr\u00fcfbericht der KZBV geht Ihnen per Post zu)<br \/>\n&#8211; Bericht des Vorstandes<br \/>\n&#8211; Bericht des RPA<br \/>\n&#8211; Stellungnahme des Vorstandes<\/td>\n<\/tr>\n<tr style=\"height: 24px;\">\n<td style=\"width: 12.8572%; text-align: left; vertical-align: top; height: 24px;\">TOP 10<\/td>\n<td style=\"width: 87.1428%; text-align: left; vertical-align: top; height: 24px;\">Entlastung des Vorstandes f\u00fcr das Rechnungsjahr 2018<\/td>\n<\/tr>\n<tr style=\"height: 24px;\">\n<td style=\"width: 12.8572%; text-align: left; vertical-align: top; height: 24px;\">TOP 11<\/td>\n<td style=\"width: 87.1428%; text-align: left; vertical-align: top; height: 24px;\">Antrag auf Genehmigung gem. \u00a7 85 Abs. 2 SGB V zur Modernisierung des dritten<br \/>\nOG und Erstellung von Serverr\u00e4umen im Zahn\u00e4rztehaus (Anlage 2)<\/td>\n<\/tr>\n<tr style=\"height: 24px;\">\n<td style=\"width: 12.8572%; text-align: left; vertical-align: top; height: 24px;\">TOP 12<\/td>\n<td style=\"width: 87.1428%; text-align: left; vertical-align: top; height: 24px;\">Feststellung und Genehmigung des Haushaltsplanes und Investitionshaushaltes f\u00fcr das Rechnungsjahr 2020 gem\u00e4\u00df \u00a7 70 Abs. 1 S. 2 SGB IV (Anlage 3)<br \/>\n&#8211; Bericht des Vorstandes<br \/>\n&#8211; Bericht des Haushaltsausschusses<br \/>\n1) Erfolgshaushalt<br \/>\n2) Investitionshaushalt<\/td>\n<\/tr>\n<tr style=\"height: 24px;\">\n<td style=\"width: 12.8572%; text-align: left; vertical-align: top; height: 24px;\">TOP 13<\/td>\n<td style=\"width: 87.1428%; text-align: left; vertical-align: top; height: 24px;\">Nachwahl eines Mitgliedes f\u00fcr den Hauptausschuss (Anlage 4)<\/td>\n<\/tr>\n<tr style=\"height: 24px;\">\n<td style=\"width: 12.8572%; text-align: left; vertical-align: top; height: 24px;\">TOP 14<\/td>\n<td style=\"width: 87.1428%; text-align: left; vertical-align: top; height: 24px;\">Nachwahl eines Mitgliedes f\u00fcr den Satzungsausschuss (Anlage 4)<\/td>\n<\/tr>\n<tr style=\"height: 24px;\">\n<td style=\"width: 12.8572%; text-align: left; vertical-align: top; height: 24px;\">TOP 15<\/td>\n<td style=\"width: 87.1428%; text-align: left; vertical-align: top; height: 24px;\">Nachwahl eines Mitgliedes f\u00fcr den HVM-Ausschuss (Anlage 4)<\/td>\n<\/tr>\n<tr style=\"height: 24px;\">\n<td style=\"width: 12.8572%; text-align: left; vertical-align: top; height: 24px;\">TOP 16<\/td>\n<td style=\"width: 87.1428%; text-align: left; vertical-align: top; height: 24px;\">Nachwahl von zwei stv. Mitgliedern f\u00fcr das Landesschiedsamt (Anlage 4)<br \/>\n(Amtszeit bis 2020)<\/td>\n<\/tr>\n<tr style=\"height: 24px;\">\n<td style=\"width: 12.8572%; text-align: left; vertical-align: top; height: 24px;\">TOP 17<\/td>\n<td style=\"width: 87.1428%; text-align: left; vertical-align: top; height: 24px;\">Nachwahl eines stv. Mitgliedes f\u00fcr den Disziplinarausschuss (Bereich KFO)<\/td>\n<\/tr>\n<tr style=\"height: 24px;\">\n<td style=\"width: 12.8572%; text-align: left; vertical-align: top; height: 24px;\">TOP 18<\/td>\n<td style=\"width: 87.1428%; text-align: left; vertical-align: top; height: 24px;\">Verschiedenes<\/td>\n<\/tr>\n<\/tbody>\n<\/table>\n<p>&nbsp;<\/p>\n<p><span style=\"text-decoration: underline; color: #ff0000;\">* Kommentierender Hinweis IUZB<\/span>:<\/p>\n<p>TOP 10) \u00c4nderung der Gesch\u00e4ftsordnung der VV ,,\u00a7 11 Protokoll\u201c (<a href=\"https:\/\/iuzb.de\/wp-content\/uploads\/2019\/08\/2019-08-22-Einladung-VV-mit-Anlagen-Anlage-10-und-11.pdf\" target=\"_blank\" rel=\"noopener noreferrer\">Anlage 10<\/a>) \u2013 <strong>Audioprotokoll<\/strong><\/p>\n<p>Wiedervorlage aus VV am 01.04.2019<br \/>\n<a href=\"https:\/\/iuzb.de\/wp-content\/uploads\/2019\/08\/2019-08-22-Einladung-VV-mit-Anlagen-Anlage-10-und-11.pdf\" target=\"_blank\" rel=\"noopener noreferrer\">Anlage 11<\/a> Schreiben der Berliner Beauftragten f\u00fcr Datenschutz und Informationsfreiheit vom 01.07.2019:<br \/>\n<span style=\"color: #ff0000;\">Das Schreiben der Beauftragten enth\u00e4lt lediglich ein Ergebnis, ohne dass eine inhaltliche Auseinandersetzung oder eine Abw\u00e4gung mit den Besonderheiten und dem Wesen der Vertreterversammlung als h\u00f6chstes Selbstverwaltungsorgan erfolgt oder auf Gesetze und Paragrafen hingewiesen wird. Aus diesem Grund \u00fcberzeugt uns der Inhalt des Schreibens in dieser (oberfl\u00e4chlichen) Form leider nicht!<\/span><\/p>\n","protected":false},"excerpt":{"rendered":"<p>Montag 02. Dezember 2019 19:00 Uhr KZV &#8222;Zahn\u00e4rztehaus&#8220;, 10711 Berlin, Georg-Wilhelm-Stra\u00dfe 16 Tagesordnung: TOP 1 Begr\u00fc\u00dfung, Feststellung der Anwesenheit, Totenehrung TOP 2 Protokoll der VV vom 09.09.2019 Einschub Tagesordnungspunkte 10* [&#8230;]<\/p>\n","protected":false},"author":13,"featured_media":0,"comment_status":"open","ping_status":"closed","sticky":false,"template":"","format":"standard","meta":{"ngg_post_thumbnail":0,"iawp_total_views":1,"footnotes":""},"categories":[45,97],"tags":[],"class_list":["post-28549","post","type-post","status-publish","format-standard","hentry","category-kzv-berlin","category-vertreterversammlung-kzv-berlin"],"_links":{"self":[{"href":"https:\/\/iuzb.de\/index.php?rest_route=\/wp\/v2\/posts\/28549","targetHints":{"allow":["GET"]}}],"collection":[{"href":"https:\/\/iuzb.de\/index.php?rest_route=\/wp\/v2\/posts"}],"about":[{"href":"https:\/\/iuzb.de\/index.php?rest_route=\/wp\/v2\/types\/post"}],"author":[{"embeddable":true,"href":"https:\/\/iuzb.de\/index.php?rest_route=\/wp\/v2\/users\/13"}],"replies":[{"embeddable":true,"href":"https:\/\/iuzb.de\/index.php?rest_route=%2Fwp%2Fv2%2Fcomments&post=28549"}],"version-history":[{"count":11,"href":"https:\/\/iuzb.de\/index.php?rest_route=\/wp\/v2\/posts\/28549\/revisions"}],"predecessor-version":[{"id":28573,"href":"https:\/\/iuzb.de\/index.php?rest_route=\/wp\/v2\/posts\/28549\/revisions\/28573"}],"wp:attachment":[{"href":"https:\/\/iuzb.de\/index.php?rest_route=%2Fwp%2Fv2%2Fmedia&parent=28549"}],"wp:term":[{"taxonomy":"category","embeddable":true,"href":"https:\/\/iuzb.de\/index.php?rest_route=%2Fwp%2Fv2%2Fcategories&post=28549"},{"taxonomy":"post_tag","embeddable":true,"href":"https:\/\/iuzb.de\/index.php?rest_route=%2Fwp%2Fv2%2Ftags&post=28549"}],"curies":[{"name":"wp","href":"https:\/\/api.w.org\/{rel}","templated":true}]}}