{"id":2854,"date":"2011-06-09T23:50:00","date_gmt":"2011-06-09T21:50:00","guid":{"rendered":"http:\/\/www.iuzb.org\/wordpress\/?p=2854"},"modified":"2016-12-03T22:24:08","modified_gmt":"2016-12-03T21:24:08","slug":"kzv-berlin-resolution-der-vertreterversammlung-zur-novellierung-der-goz","status":"publish","type":"post","link":"https:\/\/iuzb.de\/?p=2854","title":{"rendered":"KZV Berlin: Resolution der Vertreterversammlung zur Novellierung der GOZ"},"content":{"rendered":"<p><strong>Einstimmig<\/strong>, also <strong>auch mit den Stimmen der Vertreter unserer Wahlliste IUZB\/GpZ<\/strong>, verabschiedete die Vertreterversammlung der KZV Berlin am 06. Juni 2011 folgende Resolution zur Novellierung der GOZ:<\/p>\n<p><a href=\"https:\/\/iuzb.de\/wp-content\/uploads\/2011\/06\/Resolution_der_VV_der_KZV_Berlin_vom_06.06.2011_zur_Novellierung_der_GOZ.pdf\" target=\"_blank\"><img loading=\"lazy\" decoding=\"async\" class=\"alignnone size-full wp-image-17637\" src=\"https:\/\/iuzb.de\/wp-content\/uploads\/2011\/06\/kzvberlinresolutionvvnovelierunggoz-bild.jpg\" alt=\"kzvberlinresolutionvvnovelierunggoz-bild\" width=\"225\" height=\"316\" srcset=\"https:\/\/iuzb.de\/wp-content\/uploads\/2011\/06\/kzvberlinresolutionvvnovelierunggoz-bild.jpg 225w, https:\/\/iuzb.de\/wp-content\/uploads\/2011\/06\/kzvberlinresolutionvvnovelierunggoz-bild-214x300.jpg 214w\" sizes=\"auto, (max-width: 225px) 100vw, 225px\" \/><\/a><\/p>\n<p>Siehe auch: Presseinformation der Zahn\u00e4rztekammer Berlin vom 09. Juni 2011<\/p>\n<h3>Einm\u00fctig und einstimmig:<br \/>\nAlle Berliner Zahn\u00e4rzte lehnen vorliegenden Referentenentwurf ab<\/h3>\n<p><a href=\"https:\/\/iuzb.de\/wp-content\/uploads\/2011\/06\/PM_ZAKBerlin_09.06.2011_DV_Resolution.pdf\" target=\"_blank\"><img loading=\"lazy\" decoding=\"async\" class=\"alignnone size-full wp-image-17640\" src=\"https:\/\/iuzb.de\/wp-content\/uploads\/2011\/06\/pmzaekberlindvresolution-bild.jpg\" alt=\"pmzaekberlindvresolution-bild\" width=\"225\" height=\"320\" srcset=\"https:\/\/iuzb.de\/wp-content\/uploads\/2011\/06\/pmzaekberlindvresolution-bild.jpg 225w, https:\/\/iuzb.de\/wp-content\/uploads\/2011\/06\/pmzaekberlindvresolution-bild-211x300.jpg 211w\" sizes=\"auto, (max-width: 225px) 100vw, 225px\" \/><\/a><\/p>\n<ul>\n<li style=\"list-style-type: none;\"><\/li>\n<li><strong><a href=\"https:\/\/iuzb.de\/wp-content\/uploads\/2011\/06\/PM_ZAKBerlin_09.06.2011-Anlage_1-Vorstand.pdf\" target=\"_blank\">Anlage 1<\/a> ) <a href=\"http:\/\/www.zaek-berlin.de\/kammer\/vorstand-und-geschaeftsfuehrung.html\" target=\"_blank\">Vorstand<\/a> der Zahn\u00e4rztekammer Berlin (VdZvB \/ FVDZ LV Berlin):<br \/>\n<\/strong>Resolution der Delegiertenversammlung der Zahn\u00e4rztekammer Berlin vom 19.05.2011 zum Referentenentwurf Geb\u00fchrenordnung f\u00fcr Zahn\u00e4rzte<\/li>\n<li><strong><a href=\"https:\/\/iuzb.de\/wp-content\/uploads\/2011\/06\/PM_ZAKBerlin_09.06.2011-Anlage_2-Nachtweh.pdf\" target=\"_blank\">Anlage 2<\/a> ) <a href=\"http:\/\/www.daz-web.de\/daz\/docs\/vorstand.htm\" target=\"_blank\">Dr. Peter Nachtweh<\/a> (<a href=\"http:\/\/www.drdohmeier.de\/\" target=\"_blank\">BUZ<\/a>\/<a href=\"http:\/\/www.daz-web.de\/\" target=\"_blank\">DAZ<\/a> ):<\/strong><br \/>\nStellungnahme zum Entwurf einer Verordnung zur \u00c4nderung der Geb\u00fchrenordnung f\u00fcr Zahn\u00e4rzte (GOZ) \u2013 Referentenentwurf<\/li>\n<li><strong><a href=\"https:\/\/iuzb.de\/wp-content\/uploads\/2011\/06\/PM_ZAKBerlin_09.06.2011-Anlage_3-Steiner.pdf\" target=\"_blank\">Anlage 3<\/a> ) Bertram Steiner (FVDZ LV Berlin):<\/strong><br \/>\nDie Delegierten der Z\u00c4K Berlin fordern den Verordnungsgeber auf, bei der anstehenden Novellierung der Geb\u00fchrenordnung f\u00fcr Zahn\u00e4rzte (GOZ) den nachgewiesenen Anstieg der Praxiskosten als auch den Kaufkraftverlust seit 1988 vollst\u00e4ndig bei der Festsetzung des Honorarpunktwertes zu ber\u00fccksichtigen.<\/li>\n<\/ul>\n","protected":false},"excerpt":{"rendered":"<p>Einstimmig, also auch mit den Stimmen der Vertreter unserer Wahlliste IUZB\/GpZ, verabschiedete die Vertreterversammlung der KZV Berlin am 06. Juni 2011 folgende Resolution zur Novellierung der GOZ: Siehe auch: Presseinformation [&#8230;]<\/p>\n","protected":false},"author":13,"featured_media":0,"comment_status":"closed","ping_status":"closed","sticky":false,"template":"","format":"standard","meta":{"ngg_post_thumbnail":0,"iawp_total_views":0,"footnotes":""},"categories":[204,45,46],"tags":[],"class_list":["post-2854","post","type-post","status-publish","format-standard","hentry","category-goz","category-kzv-berlin","category-zahnaerztekammer-berlin"],"_links":{"self":[{"href":"https:\/\/iuzb.de\/index.php?rest_route=\/wp\/v2\/posts\/2854","targetHints":{"allow":["GET"]}}],"collection":[{"href":"https:\/\/iuzb.de\/index.php?rest_route=\/wp\/v2\/posts"}],"about":[{"href":"https:\/\/iuzb.de\/index.php?rest_route=\/wp\/v2\/types\/post"}],"author":[{"embeddable":true,"href":"https:\/\/iuzb.de\/index.php?rest_route=\/wp\/v2\/users\/13"}],"replies":[{"embeddable":true,"href":"https:\/\/iuzb.de\/index.php?rest_route=%2Fwp%2Fv2%2Fcomments&post=2854"}],"version-history":[{"count":8,"href":"https:\/\/iuzb.de\/index.php?rest_route=\/wp\/v2\/posts\/2854\/revisions"}],"predecessor-version":[{"id":17649,"href":"https:\/\/iuzb.de\/index.php?rest_route=\/wp\/v2\/posts\/2854\/revisions\/17649"}],"wp:attachment":[{"href":"https:\/\/iuzb.de\/index.php?rest_route=%2Fwp%2Fv2%2Fmedia&parent=2854"}],"wp:term":[{"taxonomy":"category","embeddable":true,"href":"https:\/\/iuzb.de\/index.php?rest_route=%2Fwp%2Fv2%2Fcategories&post=2854"},{"taxonomy":"post_tag","embeddable":true,"href":"https:\/\/iuzb.de\/index.php?rest_route=%2Fwp%2Fv2%2Ftags&post=2854"}],"curies":[{"name":"wp","href":"https:\/\/api.w.org\/{rel}","templated":true}]}}