{"id":28484,"date":"2019-11-28T09:04:55","date_gmt":"2019-11-28T08:04:55","guid":{"rendered":"http:\/\/iuzb.de\/?p=28484"},"modified":"2020-01-15T08:23:22","modified_gmt":"2020-01-15T07:23:22","slug":"herbert-lewin-forschungspreis-2019-zur-rolle-der-aerzteschaft-in-der-ns-zeit-verliehen","status":"publish","type":"post","link":"https:\/\/iuzb.de\/?p=28484","title":{"rendered":"Herbert-Lewin-Forschungspreis 2019 zur Rolle der \u00c4rzteschaft in der NS-Zeit verliehen"},"content":{"rendered":"<p style=\"text-align: justify;\">Zum siebten Mal wurde am 27.11.2019 in Berlin der Herbert-Lewin-Preis zur Aufarbeitung der Geschichte der \u00c4rzteschaft in der Zeit des Nationalsozialismus verliehen. Mit dem vom Bundesministerium f\u00fcr Gesundheit (BMG), der Bundes\u00e4rztekammer (B\u00c4K), der Bundeszahn\u00e4rztekammer (BZ\u00c4K), der Kassen\u00e4rztlichen Bundesvereinigung (KBV) und der Kassenzahn\u00e4rztlichen Bundesvereinigung (KZBV) ausgeschriebenen Forschungspreis wurden drei wissenschaftliche Arbeiten pr\u00e4miert.<\/p>\n<p style=\"text-align: justify; padding-left: 40px;\"><strong>Den ersten Platz<\/strong> vergab die Jury f\u00fcr die Arbeit von <a href=\"https:\/\/medizingeschichte.charite.de\/metas\/person\/person\/address_detail\/doetz\/\" target=\"_blank\" rel=\"noopener noreferrer\">Dr. Susanne Doetz<\/a> und <a href=\"https:\/\/www.hwr-berlin.de\/hwr-berlin\/ueber-uns\/personen\/360-christoph-kopke\/\" target=\"_blank\" rel=\"noopener noreferrer\">Dr. Christoph Kopke<\/a> mit dem Titel<a href=\"https:\/\/www.amazon.de\/d%C3%BCrfen-Krankenhaus-nicht-mehr-betreten\/dp\/3955650316\" target=\"_blank\" rel=\"noopener noreferrer\"> \u201eund d\u00fcrfen das Krankenhaus nicht mehr betreten\u201c<\/a>. Die Arbeit befasst sich mit dem Ausschluss j\u00fcdischer und politisch unerw\u00fcnschter \u00c4rztinnen und \u00c4rzte aus dem st\u00e4dtischen Gesundheitswesen in Berlin in den Jahren 1933 bis 1945. Die Autoren haben nach Ansicht der Jury mit ihrer Untersuchung Neuland betreten, indem sie vollst\u00e4ndig und systematisch die Entlassung und Vertreibung rassisch verfolgter und politisch missliebiger \u00c4rzte aus dem \u00f6ffentlichen Gesundheitswesen in der deutschen Gro\u00dfstadt nachgezeichnet h\u00e4tten.<\/p>\n<p style=\"text-align: justify; padding-left: 40px;\">Die Arbeit besteche durch einen umfangreichen biografischen Teil und den systematischen Nachweis aller entlassenen \u00c4rztinnen und \u00c4rzte. Damit lege sie die Grundlage f\u00fcr weitergehende Forschungen zur fr\u00fchen Dynamik nationalsozialistischer Vertreibungs- und Vernichtungspolitik und liefere ein Modell f\u00fcr die Aufarbeitung der Geschichte des \u00f6ffentlichen Gesundheitswesens anderer Gro\u00dfst\u00e4dte.<\/p>\n<p style=\"text-align: justify; padding-left: 40px;\"><strong>Die Pl\u00e4tze zwei und drei<\/strong> gingen an <a href=\"https:\/\/www.uni-hamburg.de\/newsroom\/campus\/2019\/0618-ausstellung-mhm.html\" target=\"_blank\" rel=\"noopener noreferrer\">Dr. Doris Fischer-Radizi <\/a>f\u00fcr ihre Arbeit \u201e<a href=\"https:\/\/www.amazon.de\/Vertrieben-aus-Hamburg-Liebesch%C3%BCtz-Plaut-Wissenschaftler\/dp\/3835333836\" target=\"_blank\" rel=\"noopener noreferrer\">Vertrieben aus Hamburg<\/a>\u201c \u00fcber die \u00c4rztin Rahel Liebesch\u00fctz-Plaut und an <a href=\"https:\/\/www.egt.med.uni-muenchen.de\/personen\/mitarbeiter\/schuetz\/index.html\" target=\"_blank\" rel=\"noopener noreferrer\">Dr. Mathias Sch\u00fctz<\/a> f\u00fcr seine Arbeit \u201eVier Ermittlungen und ein Verdienstkreuz\u201c zu den Medizinverbrechen des Hygienikers Hermann Eyer w\u00e4hrend der NS-Zeit. Lobend erw\u00e4hnte die Preiskommission zudem die von <a href=\"https:\/\/www.img.unibe.ch\/ueber_uns\/personen\/prof_dr_steinke_hubert\/index_ger.html\" target=\"_blank\" rel=\"noopener noreferrer\">Prof. Dr. Hubert Steinke<\/a> in der Schweiz betreute Arbeit von <a href=\"https:\/\/www.klinloe.de\/medizinische-fachbereiche\/zentrum-fuer-radiologie\/aerztliches-team.html\" target=\"_blank\" rel=\"noopener noreferrer\">Dr. Johann Faltum<\/a> \u00fcber die <a href=\"https:\/\/books.google.de\/books\/about\/Die_Zwangssterilisation_im_Bezirk_des_Er.html?id=YbrfvQEACAAJ&amp;redir_esc=y\" target=\"_blank\" rel=\"noopener noreferrer\">Zwangsterilisation in L\u00f6rrach<\/a>.<\/p>\n<p style=\"text-align: justify;\">Ziel des Herbert-Lewin-Preises ist neben der F\u00f6rderung der historischen Aufarbeitung der Rolle der \u00c4rzteschaft im Dritten Reich auch die Erinnerung an engagierte \u00c4rztinnen und \u00c4rzte und Zahn\u00e4rztinnen und Zahn\u00e4rzte, die in der Zeit des Nationalsozialismus verfolgt und ermordet wurden. Zugleich soll das Interesse nachfolgender Generationen f\u00fcr die Aufarbeitung der Vergangenheit geweckt werden. Die Preistr\u00e4ger werden von einer unabh\u00e4ngigen Jury ausgew\u00e4hlt, deren Mitglieder von den Tr\u00e4gerorganisationen, dem Zentralrat der Juden in Deutschland sowie dem Bundesverband J\u00fcdischer \u00c4rzte und Psychologen in Deutschland benannt wurden.<\/p>\n<p style=\"text-align: justify;\">An der Ausschreibung des Forschungspreises konnten (Zahn-)\u00c4rztinnen und (Zahn-)\u00c4rzte sowie Psychotherapeutinnen und Psychotherapeuten als Einzelpersonen, in Kooperationen oder in Gemeinschaften teilnehmen. Die Ausschreibung richtete sich auch an Studierende der Zahn- oder Humanmedizin oder an Wissenschaftler, die an zahn- und humanmedizinischen Fakult\u00e4ten oder medizinhistorischen Instituten t\u00e4tig sind. Jede teilnehmende Einzelperson und jede Arbeitsgruppe konnte jeweils eine Arbeit einreichen.<\/p>\n<p style=\"text-align: justify;\">Weitere Informationen zu dem Preis sowie zu fr\u00fcheren Preistr\u00e4gern und deren Arbeiten sind unter <a href=\"https:\/\/www.kzbv.de\/herbert-lewin-preis\" target=\"_blank\" rel=\"noopener noreferrer\">www.kzbv.de\/herbert-lewin-preis<\/a> verf\u00fcgbar.<\/p>\n<p style=\"text-align: justify;\"><span style=\"text-decoration: underline;\">Hintergrund: Herbert Lewin<\/span><br \/>\n<a href=\"https:\/\/de.wikipedia.org\/wiki\/Herbert_Lewin\" target=\"_blank\" rel=\"noopener noreferrer\">Herbert Lewin<\/a> wurde am 1. April 1899 in Schwarzenau geboren. Nach einem Medizinstudium arbeitete er in der j\u00fcdischen Poliklinik in Berlin, ab dem Jahr 1937 bis zu seiner Deportation durch die Nationalsozialisten als Chefarzt im j\u00fcdischen Krankenhaus in K\u00f6ln. Nach seiner Befreiung nahm Herbert Lewin seine Arztt\u00e4tigkeit wieder auf. In den Jahren 1963 bis 1969 bekleidete er das Amt des Pr\u00e4sidenten des Zentralrats der Juden in Deutschland. Lewin starb am 21. November 1982 in Wiesbaden (Quelle: <a href=\"https:\/\/www.zentralratdjuden.de\" target=\"_blank\" rel=\"noopener noreferrer\">www.zentralratdjuden.de<\/a>).<\/p>\n<p>Quelle: Bundeszahn\u00e4rztekammer, <a href=\"https:\/\/www.bundesaerztekammer.de\/presse\/pressemitteilungen\/news-detail\/herbert-lewin-preis-2019-verliehen\/\" target=\"_blank\" rel=\"noopener noreferrer\">Pressemitteilung<\/a> vom 27.11.2019<\/p>\n<p>&nbsp;<\/p>\n<p><span style=\"text-decoration: underline;\">Hintergrund:<\/span><\/p>\n<p style=\"text-align: justify;\"><a href=\"https:\/\/www.kzbv.de\/herbert-lewin-preis.1093.de.html\" target=\"_blank\" rel=\"noopener noreferrer\"><span style=\"text-decoration: underline;\">Die Jury:<\/span><\/a><br \/>\nDie Bewertung der eingereichten Arbeiten und die Ermittlung der Preistr\u00e4ger werden von einer unabh\u00e4ngigen Jury vorgenommen, deren Mitglieder vom Bundesministerium f\u00fcr Gesundheit, der Bundes\u00e4rztekammer, der Kassen\u00e4rztlichen Bundesvereinigung, der Bundeszahn\u00e4rztekammer, der Kassenzahn\u00e4rztlichen Bundesvereinigung, dem Zentralrat der Juden in Deutschland sowie dem Bundesverband J\u00fcdischer \u00c4rzte und Psychologen in Deutschland benannt wurden.<br \/>\nNamentlich sind dies: Prof. Dr. med. Volker Hess, Prof. Dr. phil. Robert J\u00fctte, Prof. Dr. Samuel Salzborn, Prof. Dr. med. Dr. med. dent. Dr. phil. Dominik Gro\u00df, Prof. Dr. med. Leo Latasch und Dr. med. Roman M. Skoblo. Die Jury tagt nicht \u00f6ffentlich. Die Entscheidung der Jury ist f\u00fcr alle teilnehmenden Personen verbindlich und kann nicht angefochten werden.<\/p>\n<p style=\"text-align: justify;\"><a href=\"https:\/\/www.kzbv.de\/herbert-lewin-preis.1093.de.html\" target=\"_blank\" rel=\"noopener noreferrer\"><span style=\"text-decoration: underline;\">Preisvergabe:<\/span><\/a><br \/>\nDer Preis ist mit insgesamt 15.000 Euro dotiert. Er kann von der Jury auf mehrere verschiedene Arbeiten aufgeteilt werden. Alle teilnehmenden Personen erhalten nach der Entscheidung der Jury eine schriftliche Nachricht. Die Preisverleihung erfolgt unter Ausschluss des Rechtsweges.<\/p>\n","protected":false},"excerpt":{"rendered":"<p>Zum siebten Mal wurde am 27.11.2019 in Berlin der Herbert-Lewin-Preis zur Aufarbeitung der Geschichte der \u00c4rzteschaft in der Zeit des Nationalsozialismus verliehen. Mit dem vom Bundesministerium f\u00fcr Gesundheit (BMG), der [&#8230;]<\/p>\n","protected":false},"author":13,"featured_media":0,"comment_status":"open","ping_status":"closed","sticky":false,"template":"","format":"standard","meta":{"ngg_post_thumbnail":0,"iawp_total_views":1,"footnotes":""},"categories":[121,122,123],"tags":[],"class_list":["post-28484","post","type-post","status-publish","format-standard","hentry","category-bzaek","category-kzbv","category-zahngeschichte"],"_links":{"self":[{"href":"https:\/\/iuzb.de\/index.php?rest_route=\/wp\/v2\/posts\/28484","targetHints":{"allow":["GET"]}}],"collection":[{"href":"https:\/\/iuzb.de\/index.php?rest_route=\/wp\/v2\/posts"}],"about":[{"href":"https:\/\/iuzb.de\/index.php?rest_route=\/wp\/v2\/types\/post"}],"author":[{"embeddable":true,"href":"https:\/\/iuzb.de\/index.php?rest_route=\/wp\/v2\/users\/13"}],"replies":[{"embeddable":true,"href":"https:\/\/iuzb.de\/index.php?rest_route=%2Fwp%2Fv2%2Fcomments&post=28484"}],"version-history":[{"count":19,"href":"https:\/\/iuzb.de\/index.php?rest_route=\/wp\/v2\/posts\/28484\/revisions"}],"predecessor-version":[{"id":28503,"href":"https:\/\/iuzb.de\/index.php?rest_route=\/wp\/v2\/posts\/28484\/revisions\/28503"}],"wp:attachment":[{"href":"https:\/\/iuzb.de\/index.php?rest_route=%2Fwp%2Fv2%2Fmedia&parent=28484"}],"wp:term":[{"taxonomy":"category","embeddable":true,"href":"https:\/\/iuzb.de\/index.php?rest_route=%2Fwp%2Fv2%2Fcategories&post=28484"},{"taxonomy":"post_tag","embeddable":true,"href":"https:\/\/iuzb.de\/index.php?rest_route=%2Fwp%2Fv2%2Ftags&post=28484"}],"curies":[{"name":"wp","href":"https:\/\/api.w.org\/{rel}","templated":true}]}}