{"id":28479,"date":"2019-11-27T19:48:01","date_gmt":"2019-11-27T18:48:01","guid":{"rendered":"http:\/\/iuzb.de\/?p=28479"},"modified":"2019-11-27T19:54:24","modified_gmt":"2019-11-27T18:54:24","slug":"12-18-unternehmensgruppe-begruesst-johann-kerkhofs","status":"publish","type":"post","link":"https:\/\/iuzb.de\/?p=28479","title":{"rendered":"12.18. Unternehmensgruppe begr\u00fc\u00dft Johann Kerkhofs."},"content":{"rendered":"<div class=\"grid_twelve_twelfth grid_container1 \">\n<div class=\"grid_item grid_border grid_columns4\">\n<div class=\"grid_mobile_space\" data-name=\"content1\">\u2022 <strong>D\u00fcsseldorfer Unternehmen w\u00e4chst weiter<\/strong><br \/>\n<strong>\u2022 Ab sofort zust\u00e4ndig f\u00fcr Entwicklung neuer 12.18.-Hotelprojekte<\/strong><\/div>\n<\/div>\n<\/div>\n<div class=\"grid_twelve_twelfth grid_border multicolumn3\">\n<div data-name=\"contentneu\">\n<p>Die 12.18. Unternehmensgruppe holt Johann Kerkhofs an Bord: Der 58-J\u00e4hrige ist ab sofort f\u00fcr den D\u00fcsseldorfer Projektentwickler und Hotelbetreiber t\u00e4tig und wird die Entwicklung neuer Hotelprojekte vorantreiben; darunter den Aufbau zweier neuer Hotelmarken f\u00fcr das 12.18. Portfolio.<\/p>\n<p>Im Laufe seiner Karriere hatte der geb\u00fcrtige Niederl\u00e4nder ma\u00dfgeblich zur Expansion der Lindner Hotels &amp; Resorts beigetragen. Mit Arborea Hotels &amp; Resorts hat Kerkhofs in den vergangenen Jahren zudem eine eigene Hotelmarke entwickelt, dessen erstes Haus in Neustadt im Oktober erfolgreich platziert wurde.<\/p>\n<p>\u201eIch habe im Rahmen meiner Laufbahn lange mit J\u00f6rg Lindner gearbeitet und bin froh, die erfolgreiche Zusammenarbeit nun bei 12.18. fortzuf\u00fchren\u201c, so Kerkhofs.<\/p>\n<\/div>\n<div data-name=\"contentneu\"><\/div>\n<div data-name=\"contentneu\">\u201eWir freuen uns, dass Johann Kerkhofs zu 12.18. wechselt und begr\u00fc\u00dfen ihn herzlich im Team. Herr Kerkhofs wird die Expansion der 12.18. Unternehmensgruppe durch sein umfassendes Know-how erfolgreich begleiten\u201c, erkl\u00e4rt J\u00f6rg Lindner.<\/div>\n<div data-name=\"contentneu\"><\/div>\n<\/div>\n<div data-name=\"contentneu\">Quelle: 12.18. Investment Management GmbH, <a href=\"https:\/\/12-18.com\/de\/aktuelles\/1218-unternehmensgruppe-begrueszt-johann-kerkhofs\" target=\"_blank\" rel=\"noopener noreferrer\">Pressemitteilung<\/a> vom 25.11.2019<\/div>\n<div data-name=\"contentneu\"><\/div>\n<div data-name=\"contentneu\"><span style=\"text-decoration: underline;\">Auch:<\/span><\/div>\n<div data-name=\"contentneu\"><a href=\"https:\/\/www.ahgz.de\/news\/personalia-johann-kerkhofs-geht-zu-1218,200012259758.html\" target=\"_blank\" rel=\"noopener noreferrer\">ahgz<\/a>: Johann Kerkhofs geht zu 12.18.<\/div>\n<div data-name=\"contentneu\"><a href=\"https:\/\/www.tophotel.de\/12-18-unternehmensgruppejohann-kerkhofs-uebernimmt-entwicklung-neuer-hotelprojekte-47940\/\" target=\"_blank\" rel=\"noopener noreferrer\">Tophotel<\/a>: Johann Kerkhofs \u00fcbernimmt Entwicklung neuer Hotelprojekte<\/div>\n<div data-name=\"contentneu\"><\/div>\n","protected":false},"excerpt":{"rendered":"<p>\u2022 D\u00fcsseldorfer Unternehmen w\u00e4chst weiter \u2022 Ab sofort zust\u00e4ndig f\u00fcr Entwicklung neuer 12.18.-Hotelprojekte Die 12.18. Unternehmensgruppe holt Johann Kerkhofs an Bord: Der 58-J\u00e4hrige ist ab sofort f\u00fcr den D\u00fcsseldorfer Projektentwickler [&#8230;]<\/p>\n","protected":false},"author":13,"featured_media":0,"comment_status":"open","ping_status":"closed","sticky":false,"template":"","format":"standard","meta":{"ngg_post_thumbnail":0,"iawp_total_views":1,"footnotes":""},"categories":[259,47],"tags":[],"class_list":["post-28479","post","type-post","status-publish","format-standard","hentry","category-investment-12-18","category-versorgungswerk-vzb"],"_links":{"self":[{"href":"https:\/\/iuzb.de\/index.php?rest_route=\/wp\/v2\/posts\/28479","targetHints":{"allow":["GET"]}}],"collection":[{"href":"https:\/\/iuzb.de\/index.php?rest_route=\/wp\/v2\/posts"}],"about":[{"href":"https:\/\/iuzb.de\/index.php?rest_route=\/wp\/v2\/types\/post"}],"author":[{"embeddable":true,"href":"https:\/\/iuzb.de\/index.php?rest_route=\/wp\/v2\/users\/13"}],"replies":[{"embeddable":true,"href":"https:\/\/iuzb.de\/index.php?rest_route=%2Fwp%2Fv2%2Fcomments&post=28479"}],"version-history":[{"count":4,"href":"https:\/\/iuzb.de\/index.php?rest_route=\/wp\/v2\/posts\/28479\/revisions"}],"predecessor-version":[{"id":28483,"href":"https:\/\/iuzb.de\/index.php?rest_route=\/wp\/v2\/posts\/28479\/revisions\/28483"}],"wp:attachment":[{"href":"https:\/\/iuzb.de\/index.php?rest_route=%2Fwp%2Fv2%2Fmedia&parent=28479"}],"wp:term":[{"taxonomy":"category","embeddable":true,"href":"https:\/\/iuzb.de\/index.php?rest_route=%2Fwp%2Fv2%2Fcategories&post=28479"},{"taxonomy":"post_tag","embeddable":true,"href":"https:\/\/iuzb.de\/index.php?rest_route=%2Fwp%2Fv2%2Ftags&post=28479"}],"curies":[{"name":"wp","href":"https:\/\/api.w.org\/{rel}","templated":true}]}}