{"id":28437,"date":"2019-11-27T10:40:40","date_gmt":"2019-11-27T09:40:40","guid":{"rendered":"http:\/\/iuzb.de\/?p=28437"},"modified":"2019-11-27T11:02:12","modified_gmt":"2019-11-27T10:02:12","slug":"fvdz-sh-zahnaerzte-streiten-um-afd-kollegen-kaden","status":"publish","type":"post","link":"https:\/\/iuzb.de\/?p=28437","title":{"rendered":"SH: Zahn\u00e4rzte streiten um AfD-Kollegen Kaden"},"content":{"rendered":"<ul>\n<li><a href=\"https:\/\/www.spiegel.de\/spiegel\/\/index-15557.html\" target=\"_blank\" rel=\"noopener noreferrer\">SPIEGEL<\/a> (23.11.2019, Abotext): Standesvertretungen: Politische Mundhygiene<\/li>\n<li><a href=\"https:\/\/www.welt.de\/regionales\/hamburg\/article203846546\/Nur-ein-stellvertretender-Landesvorsitzender-fuer-Nord-AfD.html\" target=\"_blank\" rel=\"noopener noreferrer\">WELT<\/a>: Nur ein stellvertretender Landesvorsitzender f\u00fcr Nord-AfD<\/li>\n<li><a href=\"https:\/\/www.pfalz-express.de\/zahnaerzte-streiten-um-afd-kollegen-kaden\/\" target=\"_blank\" rel=\"noopener noreferrer\">Pfalz Express<\/a>: Zahn\u00e4rzte streiten um AfD-Kollegen Kaden<\/li>\n<\/ul>\n<p><span style=\"text-decoration: underline;\">Zahn\u00e4rztekammer Schleswig-Holstein:<\/span><br \/>\n&#8211; <a href=\"https:\/\/zahnaerzte-sh.de\/wir-ueber-uns\/vorstand\/\" target=\"_blank\" rel=\"noopener noreferrer\">Vorstand Geb\u00fchrenrecht<\/a> Dr. Roland Kaden<\/p>\n<p><span style=\"text-decoration: underline;\">FVDZ Schleswig-Holstein:<\/span><br \/>\n&#8211; <a href=\"https:\/\/www.fvdz.de\/landesverband-sh.html\" target=\"_blank\" rel=\"noopener noreferrer\">Landesvorsitzender<\/a> Dr. Roland Kaden<\/p>\n<p>&nbsp;<\/p>\n","protected":false},"excerpt":{"rendered":"<p>SPIEGEL (23.11.2019, Abotext): Standesvertretungen: Politische Mundhygiene WELT: Nur ein stellvertretender Landesvorsitzender f\u00fcr Nord-AfD Pfalz Express: Zahn\u00e4rzte streiten um AfD-Kollegen Kaden Zahn\u00e4rztekammer Schleswig-Holstein: &#8211; Vorstand Geb\u00fchrenrecht Dr. Roland Kaden FVDZ Schleswig-Holstein: [&#8230;]<\/p>\n","protected":false},"author":8,"featured_media":0,"comment_status":"open","ping_status":"closed","sticky":false,"template":"","format":"standard","meta":{"ngg_post_thumbnail":0,"iawp_total_views":4,"footnotes":""},"categories":[140,69],"tags":[],"class_list":["post-28437","post","type-post","status-publish","format-standard","hentry","category-fvdz","category-koerperschaften"],"_links":{"self":[{"href":"https:\/\/iuzb.de\/index.php?rest_route=\/wp\/v2\/posts\/28437","targetHints":{"allow":["GET"]}}],"collection":[{"href":"https:\/\/iuzb.de\/index.php?rest_route=\/wp\/v2\/posts"}],"about":[{"href":"https:\/\/iuzb.de\/index.php?rest_route=\/wp\/v2\/types\/post"}],"author":[{"embeddable":true,"href":"https:\/\/iuzb.de\/index.php?rest_route=\/wp\/v2\/users\/8"}],"replies":[{"embeddable":true,"href":"https:\/\/iuzb.de\/index.php?rest_route=%2Fwp%2Fv2%2Fcomments&post=28437"}],"version-history":[{"count":14,"href":"https:\/\/iuzb.de\/index.php?rest_route=\/wp\/v2\/posts\/28437\/revisions"}],"predecessor-version":[{"id":28451,"href":"https:\/\/iuzb.de\/index.php?rest_route=\/wp\/v2\/posts\/28437\/revisions\/28451"}],"wp:attachment":[{"href":"https:\/\/iuzb.de\/index.php?rest_route=%2Fwp%2Fv2%2Fmedia&parent=28437"}],"wp:term":[{"taxonomy":"category","embeddable":true,"href":"https:\/\/iuzb.de\/index.php?rest_route=%2Fwp%2Fv2%2Fcategories&post=28437"},{"taxonomy":"post_tag","embeddable":true,"href":"https:\/\/iuzb.de\/index.php?rest_route=%2Fwp%2Fv2%2Ftags&post=28437"}],"curies":[{"name":"wp","href":"https:\/\/api.w.org\/{rel}","templated":true}]}}