{"id":28401,"date":"2019-11-20T14:46:44","date_gmt":"2019-11-20T13:46:44","guid":{"rendered":"http:\/\/iuzb.de\/?p=28401"},"modified":"2019-12-03T09:30:08","modified_gmt":"2019-12-03T08:30:08","slug":"offener-brief-des-sprechers-der-fraktion-gesundheit-an-den-vorsitzenden-und-die-mitglieder-der-vertreterversammlung-der-kzv-berlin","status":"publish","type":"post","link":"https:\/\/iuzb.de\/?p=28401","title":{"rendered":"Offener Brief des Sprechers der Fraktion Gesundheit an den Vorsitzenden und die Mitglieder der Vertreterversammlung der KZV Berlin"},"content":{"rendered":"<p>Gerne ver\u00f6ffentlichen wir nachfolgendes Schreiben vom 19.11.2019 von Herrn Peter Scharf, Sprecher der Fraktion Gesundheit:<\/p>\n<blockquote><p><strong>Sehr geehrter Herr Vorstandsvorsitzender Dr. Schleithoff,\u00a0<\/strong><br \/>\n<strong>sehr geehrte Mitglieder*innen der Vertreterversammlung der KZV-Berlin.<\/strong><\/p>\n<p>Ich begr\u00fc\u00dfe die Entscheidung,\u00a0<strong>die Vertreterversammlung\u00a0<span style=\"text-decoration: underline;\">am 25.11.2019<\/span><\/strong>\u00a0abzusagen.<\/p>\n<p>Es war mir in der Tat v\u00f6llig unverst\u00e4ndlich, dass schon wieder vorzeitig das leidige Thema dieser endlosen Geschichte des Vorstandes die unverh\u00e4ltnism\u00e4\u00dfige Erh\u00f6hungen in die eigene Tasche vorsieht, behandelt werden sollte.<br \/>\nSollte diese unendliche Geschichte wirklich noch weitergehen, sollte die VV doch nochmal \u00fcber eine Entsch\u00e4digung der Vertreter f\u00fcr bestimmte Sitzungen der VV nachdenken. Entsch\u00e4digungen f\u00fcr diese \u00fcberm\u00e4\u00dfigen sachfremden Besch\u00e4ftigungen, die ausschlie\u00dflich den \u00a0\u00fcberh\u00f6hten Gehaltsvorstellungen des Vorstandes dienen sollen, w\u00e4ren in diesem Fall tats\u00e4chlich angemessen. Allerdings sollten die Sitzungsgelder dann konsequenterweise auch direkt von den betroffenen Vorstandsmitgliedern aus deren Jahressal\u00e4r bezahlt werden.<\/p>\n<p>Doch ernsthaft:<br \/>\nIch bitte alle Vertreter*innen einmal zu bedenken, dass in der hier r\u00fcckwirkend zu behandelnden Zeit des Wirkens der Vorstandsmitglieder die relativen Anteile der Ausgaben der gesetzlichen Krankenversicherungen f\u00fcr unsere Fachgebiete von ca. 15% auf ~5 % gefallen sind !<br \/>\nSie aber verkaufen uns das mit dem Argument, dass ja daf\u00fcr jedem(r) Kolleg*in zus\u00e4tzlich privat liquidieren k\u00f6nne was sie\/er will.<br \/>\nIn Wirklichkeit er\u00fcbrigt sich f\u00fcr die Verantwortlichen dadurch der Kampf gegen die BudgetBegrenzung, f\u00fcr einen angemessenen Punktwert und einen Leistungskatalog, der moderne Behandlungen auf dem wissenschaftlichen Niveau f\u00fcr GKV Mitglieder erlaubt.<br \/>\nDie sozialpolitischen Folgen baden nicht nur die GKV- Versicherten aus, sondern auch die Kolleg*innen, die verantwortlich auch die weniger beg\u00fcterten Patienten versorgen.<br \/>\nDieses vers\u00e4umte Engagement h\u00e4tte eventuell eine Vorstandshonorierung auf der geforderten H\u00f6he gerechtfertigt.<\/p>\n<p>In den zuletzt beschlossenen Vertr\u00e4gen stand explizit, dass die (auch r\u00fcckwirkend) Zusatzboni nur unter dem Vorbehalt der Zustimmung der Aufsichtsbeh\u00f6rde gezahlt werden. Diese Zustimmung <a href=\"https:\/\/iuzb.de\/wp-content\/uploads\/2017\/04\/2017-03-23-Senatsverwaltung-an-KZV-Berlin.pdf\" target=\"_blank\" rel=\"noopener noreferrer\">hat die<\/a> Aufsichtsbeh\u00f6rde\u00a0<a href=\"https:\/\/iuzb.de\/wp-content\/uploads\/2019\/11\/2019-09-26-Senatsverwaltung-an-KZV-anonymisiert.pdf\" target=\"_blank\" rel=\"noopener noreferrer\">abgelehnt<\/a>. Das oberste Gericht hat diese auch <a href=\"https:\/\/iuzb.de\/wp-content\/uploads\/2019\/08\/2019-04-10-KZV-Berlin-gegen-Land-Berlin-Az-L-7-KA-3817-KL-mit-Markierung.pdf\" target=\"_blank\" rel=\"noopener noreferrer\">abgelehnt<\/a> und die Revisionsbem\u00fchungen werden auch wegen unverh\u00e4ltnism\u00e4\u00dfigen Bereicherungsversuchen scheitern.<br \/>\nDabei sollte es belassen werden!<br \/>\nEntschuldigung, das musste ich mir mal von der Seele schreiben.<\/p>\n<p>Ich hoffe auf ihre Unterst\u00fctzung.<\/p>\n<p><strong>Mit kollegialem Gru\u00df\u00a0<\/strong><br \/>\n<strong>Peter Scharf<\/strong><br \/>\n<strong>(Sprecher der Fraktion Gesundheit)<\/strong><\/p><\/blockquote>\n","protected":false},"excerpt":{"rendered":"<p>Gerne ver\u00f6ffentlichen wir nachfolgendes Schreiben vom 19.11.2019 von Herrn Peter Scharf, Sprecher der Fraktion Gesundheit: Sehr geehrter Herr Vorstandsvorsitzender Dr. Schleithoff,\u00a0 sehr geehrte Mitglieder*innen der Vertreterversammlung der KZV-Berlin. Ich begr\u00fc\u00dfe [&#8230;]<\/p>\n","protected":false},"author":13,"featured_media":0,"comment_status":"open","ping_status":"closed","sticky":false,"template":"","format":"standard","meta":{"ngg_post_thumbnail":0,"iawp_total_views":2,"footnotes":""},"categories":[98,263,97,101,237],"tags":[],"class_list":["post-28401","post","type-post","status-publish","format-standard","hentry","category-diaeten-kzv","category-fraktion-gesundheit","category-vertreterversammlung-kzv-berlin","category-vorsitzender","category-vorstand-kzv"],"_links":{"self":[{"href":"https:\/\/iuzb.de\/index.php?rest_route=\/wp\/v2\/posts\/28401","targetHints":{"allow":["GET"]}}],"collection":[{"href":"https:\/\/iuzb.de\/index.php?rest_route=\/wp\/v2\/posts"}],"about":[{"href":"https:\/\/iuzb.de\/index.php?rest_route=\/wp\/v2\/types\/post"}],"author":[{"embeddable":true,"href":"https:\/\/iuzb.de\/index.php?rest_route=\/wp\/v2\/users\/13"}],"replies":[{"embeddable":true,"href":"https:\/\/iuzb.de\/index.php?rest_route=%2Fwp%2Fv2%2Fcomments&post=28401"}],"version-history":[{"count":2,"href":"https:\/\/iuzb.de\/index.php?rest_route=\/wp\/v2\/posts\/28401\/revisions"}],"predecessor-version":[{"id":28403,"href":"https:\/\/iuzb.de\/index.php?rest_route=\/wp\/v2\/posts\/28401\/revisions\/28403"}],"wp:attachment":[{"href":"https:\/\/iuzb.de\/index.php?rest_route=%2Fwp%2Fv2%2Fmedia&parent=28401"}],"wp:term":[{"taxonomy":"category","embeddable":true,"href":"https:\/\/iuzb.de\/index.php?rest_route=%2Fwp%2Fv2%2Fcategories&post=28401"},{"taxonomy":"post_tag","embeddable":true,"href":"https:\/\/iuzb.de\/index.php?rest_route=%2Fwp%2Fv2%2Ftags&post=28401"}],"curies":[{"name":"wp","href":"https:\/\/api.w.org\/{rel}","templated":true}]}}