{"id":28360,"date":"2019-11-19T16:23:51","date_gmt":"2019-11-19T15:23:51","guid":{"rendered":"http:\/\/iuzb.de\/?p=28360"},"modified":"2023-04-12T15:58:15","modified_gmt":"2023-04-12T13:58:15","slug":"kammerpraesident-beantwortet-die-offene-nachfrage-der-iuzb-zur-aufgabe-von-ewald-harndt-als-namensgeber-fuer-die-ehrungsmedaille-der-zahnaerztekammer-berlin-k-d-oe-r","status":"publish","type":"post","link":"https:\/\/iuzb.de\/?p=28360","title":{"rendered":"Kammerpr\u00e4sident beantwortet die Offene Nachfrage der IUZB zur Aufgabe von Ewald Harndt als Namensgeber f\u00fcr die Ehrungsmedaille der Zahn\u00e4rztekammer Berlin K.d.\u00f6.R."},"content":{"rendered":"<p>Der Pr\u00e4sident der Zahn\u00e4rztekammer Berlin, <a href=\"https:\/\/www.zaek-berlin.de\/ueber-uns\/vorstand-geschaeftsfuehrung.html\" target=\"_blank\" rel=\"noopener noreferrer\">Herr Dr. Karsten Heegewaldt<\/a>, hat unsere bzw. Herrn Gerhard Gneist seine <a href=\"https:\/\/iuzb.de\/?p=28135\" target=\"_blank\" rel=\"noopener noreferrer\">Offene Nachfrage zur Aufgabe von Ewald Harndt als Namensgeber f\u00fcr die Ehrungsmedaille der Zahn\u00e4rztekammer Berlin K.d.\u00f6.R.<\/a> vom 09. November 2019 heute \u00fcber den Kammergesch\u00e4ftsf\u00fchrer, <a href=\"https:\/\/www.zaek-berlin.de\/ueber-uns\/vorstand-geschaeftsfuehrung.html\" target=\"_blank\" rel=\"noopener noreferrer\">Herrn Dr. Jan Fischdick<\/a>, wie folgt beantwortet bzw. beantworten lassen:<\/p>\n<blockquote><p>Sehr geehrter Herr Gneist,<\/p>\n<p>im Namen von Dr. Heegewaldt darf ich [Herr Dr. Fischdick] Ihnen die Nachfragen zu Ewald Harndt wie folgt beantworten:<\/p>\n<p><span style=\"text-decoration: underline;\">Frage 1.<\/span> Liegen Ihnen bzw. der Kammer \u00fcber seine NS Vergangenheit weitere erg\u00e4nzende und sogar neuere Erkenntnisse vor?<\/p>\n<p style=\"padding-left: 40px;\"><strong>Antwort:<\/strong> Dem Vorstand der Zahn\u00e4rztekammer Berlin liegen keine neuen Erkenntnisse \u00fcber Verhalten und T\u00e4tigkeit von Ewald Harndt w\u00e4hrend der Zeit des Nationalsozialismus vor. Die auch von Ihnen bzw. Herrn xxxxxx uns zur Kenntnis gegebenen Informationen waren uns bereits bekannt. Dar\u00fcberhinausgehende oder neuere Erkenntnisse liegen uns nicht vor.<\/p>\n<p><span style=\"text-decoration: underline;\">Frage 2<strong>.<\/strong><\/span> Besch\u00e4ftigt sich derzeit jemand wissenschaftlich mit Ewald Harndt?<\/p>\n<p style=\"padding-left: 40px;\"><strong>Antwort:<\/strong> Ob sich im Rahmen einer wissenschaftlichen Arbeit die Person und das Wirken von Ewald Harndt in der Zeit von 1933-1945 besch\u00e4ftigt, ist uns nicht bekannt. Im Rahmen der Ausarbeitung der NS-Vergangenheit durch BZ\u00c4K und KZBV wurde die Person Ewald Harndt nicht gesondert betrachtet. Eine Wertung \u00fcber das Verhalten Harndts im genannten Zeitraum kann hieraus unseres Erachtens in keine Richtung vorgenommen werden.<\/p>\n<p><span style=\"text-decoration: underline;\">Frage 3.<\/span> K\u00f6nnen Sie mir bitte per eMail eine Ausgabe des Begleitheftes zur Medaille schicken?<\/p>\n<p style=\"padding-left: 40px;\"><strong>Antwort:<\/strong> Das im Jahr 2001 erstellte Begleitheft zur Verleihung der Harndt-Medaille finden Sie beigef\u00fcgt.<\/p>\n<p><span style=\"text-decoration: underline;\">Frage 4.<\/span> Hat der jetzige Wechsel des Namensgebers f\u00fcr die Ehrenmedaille der Zahn\u00e4rztekammer Berlin etwas mit der Biografie von Ewald Harndt in der Zeit des Nationalsozialismus von von 1933-1945 zu tun?<\/p>\n<p style=\"padding-left: 40px;\"><strong>Antwort 4.1.:<\/strong> Hintergrund des Namenswechsels zu Philipp-Pfaff war in erster Linie die \u00dcberlegung im 30. Jahr des Mauerfalls einen Namenspatron f\u00fcr die Ehrung der Zahn\u00e4rztekammer Berlin zu finden, welcher sowohl im Westteil Berlins als auch im Ostteil bekannt und akzeptiert ist. In ganz Berlin liegt eine gro\u00dfe Bekanntheit des Namens Philipp Pfaff allein schon durch das gemeinsame Fortbildungsinstitut mit der Landeszahn\u00e4rztekammer Brandenburg vor. Im Ostteil der Stadt ist Philipp-Pfaff u.a. durch die ehemalige Ehrenmedaille der deutschen Gesellschaft f\u00fcr Stomatologie in Erinnerung, eine Ehrenmedaille, die &#8211; im Rahmen der M\u00f6glichkeiten der Deutschen Gesellschaft f\u00fcr Stomatologie in der DDR &#8211; weitgehend unpolitisch vergeben wurde.<\/p>\n<p style=\"padding-left: 40px;\">Zudem wurde durch den Vorstand entschieden, zum 30j\u00e4hrigen Jubil\u00e4um der organisierten Individualprophylaxe, welche 1989 in Berlin initiiert wurde, diesen Namenswechsel vorzunehmen und an die Tradition, die im Nachgang erfolgreich am Philipp-Pfaff-Institut mit den Aufstiegsfortbildungen zur ZMP und zur DH fortgesetzt wurde, anzukn\u00fcpfen. Auch die Steigerung der Bekanntheit unseres Instituts durch die Vergabe der Ehrenmedaille gleichen Namens, sowie der bundesweit h\u00f6here Bekanntheitsgrad von Philipp Pfaff war Teil der \u00dcberlegungen. Letzteres auch vor dem Hintergrund, dass diese Ehrung durch die Zahn\u00e4rztekammer der Bundeshauptstadt verliehen wird.<\/p>\n<p style=\"padding-left: 40px;\"><strong>Antwort 4.2.:<\/strong> Die nicht abschlie\u00dfend gekl\u00e4rte Rolle von Ewaldt Harndt in der Zeit von 1933-1945 und die aus unserer Sicht unzureichende Faktenlage \u00fcber die Hintergr\u00fcnde des Eintritts von Ewald Harndt in die NSDAP auf der einen Seite und der im Zusammenhang mit einer unterlassenen Berufung zum Professor in den sp\u00e4ten 1930er Jahren wegen der Einsch\u00e4tzung der Unzuverl\u00e4ssigkeit von Ewald Harndt im Hinblick auf die Unterst\u00fctzung der Ziele der NSDAP auf der anderen Seite, lie\u00dfen bei uns keine abschlie\u00dfende Bewertung zu. Jedenfalls hat der Vorstand aber entschieden, wegen der nicht abschlie\u00dfend gekl\u00e4rten Rolle eine Umbenennung zum jetzigen Zeitpunkt als sinnvoll zu erachten und aus den vorgenannten Gr\u00fcnden unter 1. zum neuen Namen vorzunehmen.<\/p>\n<p style=\"padding-left: 40px;\">Weder folgt aber aus der Umbenennung des Ehrenpreises eine Herabsetzung der Verdienste Ewald Harndts in der Zeit als Rektor der Freien Universit\u00e4t, ordentlicher Professor und Wissenschaftler an der FU Berlin noch der bisherigen Preistr\u00e4ger, deren herausragende Verdienste um den zahn\u00e4rztlichen Berufsstand zur Ehrung f\u00fchrten. Einen Ehrenentzug f\u00fcr den Namenspatron oder die geehrten Personen l\u00e4sst sich hieraus nicht konstruieren und erst eine solche Behauptung schadet den geehrten Personen und dem Ansehen Ewald Harndts.<\/p>\n<p>Mit freundlichen kollegialen Gr\u00fc\u00dfen<\/p>\n<p>Dr. Karsten Heegewald<\/p><\/blockquote>\n","protected":false},"excerpt":{"rendered":"<p>Der Pr\u00e4sident der Zahn\u00e4rztekammer Berlin, Herr Dr. Karsten Heegewaldt, hat unsere bzw. Herrn Gerhard Gneist seine Offene Nachfrage zur Aufgabe von Ewald Harndt als Namensgeber f\u00fcr die Ehrungsmedaille der Zahn\u00e4rztekammer [&#8230;]<\/p>\n","protected":false},"author":13,"featured_media":28219,"comment_status":"open","ping_status":"closed","sticky":false,"template":"","format":"standard","meta":{"ngg_post_thumbnail":0,"iawp_total_views":1,"footnotes":""},"categories":[91,251,242,123],"tags":[],"class_list":["post-28360","post","type-post","status-publish","format-standard","has-post-thumbnail","hentry","category-delegiertenversammlung","category-ewald-harndt-medaille","category-infobriefe","category-zahngeschichte"],"_links":{"self":[{"href":"https:\/\/iuzb.de\/index.php?rest_route=\/wp\/v2\/posts\/28360","targetHints":{"allow":["GET"]}}],"collection":[{"href":"https:\/\/iuzb.de\/index.php?rest_route=\/wp\/v2\/posts"}],"about":[{"href":"https:\/\/iuzb.de\/index.php?rest_route=\/wp\/v2\/types\/post"}],"author":[{"embeddable":true,"href":"https:\/\/iuzb.de\/index.php?rest_route=\/wp\/v2\/users\/13"}],"replies":[{"embeddable":true,"href":"https:\/\/iuzb.de\/index.php?rest_route=%2Fwp%2Fv2%2Fcomments&post=28360"}],"version-history":[{"count":7,"href":"https:\/\/iuzb.de\/index.php?rest_route=\/wp\/v2\/posts\/28360\/revisions"}],"predecessor-version":[{"id":41969,"href":"https:\/\/iuzb.de\/index.php?rest_route=\/wp\/v2\/posts\/28360\/revisions\/41969"}],"wp:featuredmedia":[{"embeddable":true,"href":"https:\/\/iuzb.de\/index.php?rest_route=\/wp\/v2\/media\/28219"}],"wp:attachment":[{"href":"https:\/\/iuzb.de\/index.php?rest_route=%2Fwp%2Fv2%2Fmedia&parent=28360"}],"wp:term":[{"taxonomy":"category","embeddable":true,"href":"https:\/\/iuzb.de\/index.php?rest_route=%2Fwp%2Fv2%2Fcategories&post=28360"},{"taxonomy":"post_tag","embeddable":true,"href":"https:\/\/iuzb.de\/index.php?rest_route=%2Fwp%2Fv2%2Ftags&post=28360"}],"curies":[{"name":"wp","href":"https:\/\/api.w.org\/{rel}","templated":true}]}}