{"id":28344,"date":"2019-11-18T16:33:56","date_gmt":"2019-11-18T15:33:56","guid":{"rendered":"http:\/\/iuzb.de\/?p=28344"},"modified":"2020-12-01T21:28:15","modified_gmt":"2020-12-01T20:28:15","slug":"der-kampf-um-das-geld-der-vorsitzende-hat-die-vertreterversammlung-am-25-11-2019-abgesagt","status":"publish","type":"post","link":"https:\/\/iuzb.de\/?p=28344","title":{"rendered":"&#8222;Der Kampf um das Geld&#8220;: Der Vorsitzende hat die Vertreterversammlung am 25.11.2019 abgesagt"},"content":{"rendered":"<p>Bekanntgabe des <a href=\"https:\/\/www.kzv-berlin.de\/kzv-berlin\/organe-und-struktur\/vertreterversammlung\/\" target=\"_blank\" rel=\"noopener noreferrer\">Vorsitzenden der Vertreterversammlung<\/a>, Herrn Dr. Schleithoff, vom 18.11.2019:<\/p>\n<blockquote><p>&#8222;Sehr geehrte Kolleginnen und Kollegen,<\/p>\n<p>hiermit sage ich die <strong>Vertreterversammlung am 25.11.2019 ab<\/strong>.<\/p>\n<p>Der Antrag zu den Dienstvertr\u00e4gen des Vorstandes, TOP 9 \u00a0aus der VV vom 09.09.2019, wird zur\u00fcckgezogen.<\/p>\n<p>Die Entscheidung der Vertreterversammlung auf Weiterf\u00fchrung der Nichtzulassungsbeschwerde gegen das Urteil des Landessozialgerichtes macht die R\u00fccknahme des Tagesordnungspunktes notwendig.<\/p>\n<p>In seiner jetzigen Form wird der &#8222;Nachtrag zu den Dienstvertr\u00e4gen&#8220; der Vertreterversammlung nicht zur Abstimmung vorgelegt.<\/p>\n<p>Der Tagesordnungspunkt enf\u00e4llt damit. Daraus ergibt sich, das die Tagesordnungspunkte 10 und 11 allein verbleiben.<\/p>\n<p>Hierf\u00fcr halte ich die Durchf\u00fchrung einer Vertreterversammlung f\u00fcr nicht angemessen und den Aufwand f\u00fcr die Vertreterinnen und Vertreter f\u00fcr nicht zumutbar.<\/p>\n<p>Diese Tagesordnungspunkte 10 und 11 aus der VV am 09.09.2019 werden daher zu Beginn der Vertreterversammlung am <strong>Montag, den 02.12.2019<\/strong> behandelt.&#8220;<\/p><\/blockquote>\n<p>Die IUZB begr\u00fc\u00dft die Absage. Sie ist richtig und entspricht unseren Erwartungen vom <a href=\"https:\/\/iuzb.de\/?p=28068\" target=\"_blank\" rel=\"noopener noreferrer\">01.11.2019<\/a> und <a href=\"https:\/\/iuzb.de\/?p=28327\" target=\"_blank\" rel=\"noopener noreferrer\">17.11.2019<\/a>.<\/p>\n<p><img loading=\"lazy\" decoding=\"async\" class=\"alignleft size-full wp-image-16500\" src=\"https:\/\/iuzb.de\/wp-content\/uploads\/2013\/08\/Gerhard-Gneist-klein-150.jpg\" alt=\"\" width=\"150\" height=\"200\" \/><\/p>\n<p>&nbsp;<\/p>\n<p>&nbsp;<\/p>\n<p><strong>Gerhard Gneist<\/strong><br \/>\nVertreter<br \/>\n1. Vorsitzender IUZB e.V.<\/p>\n","protected":false},"excerpt":{"rendered":"<p>Bekanntgabe des Vorsitzenden der Vertreterversammlung, Herrn Dr. Schleithoff, vom 18.11.2019: &#8222;Sehr geehrte Kolleginnen und Kollegen, hiermit sage ich die Vertreterversammlung am 25.11.2019 ab. Der Antrag zu den Dienstvertr\u00e4gen des Vorstandes, [&#8230;]<\/p>\n","protected":false},"author":8,"featured_media":28358,"comment_status":"open","ping_status":"closed","sticky":false,"template":"","format":"standard","meta":{"ngg_post_thumbnail":0,"iawp_total_views":1,"footnotes":""},"categories":[98,242,45,97,101,237],"tags":[],"class_list":["post-28344","post","type-post","status-publish","format-standard","has-post-thumbnail","hentry","category-diaeten-kzv","category-infobriefe","category-kzv-berlin","category-vertreterversammlung-kzv-berlin","category-vorsitzender","category-vorstand-kzv"],"_links":{"self":[{"href":"https:\/\/iuzb.de\/index.php?rest_route=\/wp\/v2\/posts\/28344","targetHints":{"allow":["GET"]}}],"collection":[{"href":"https:\/\/iuzb.de\/index.php?rest_route=\/wp\/v2\/posts"}],"about":[{"href":"https:\/\/iuzb.de\/index.php?rest_route=\/wp\/v2\/types\/post"}],"author":[{"embeddable":true,"href":"https:\/\/iuzb.de\/index.php?rest_route=\/wp\/v2\/users\/8"}],"replies":[{"embeddable":true,"href":"https:\/\/iuzb.de\/index.php?rest_route=%2Fwp%2Fv2%2Fcomments&post=28344"}],"version-history":[{"count":6,"href":"https:\/\/iuzb.de\/index.php?rest_route=\/wp\/v2\/posts\/28344\/revisions"}],"predecessor-version":[{"id":28353,"href":"https:\/\/iuzb.de\/index.php?rest_route=\/wp\/v2\/posts\/28344\/revisions\/28353"}],"wp:featuredmedia":[{"embeddable":true,"href":"https:\/\/iuzb.de\/index.php?rest_route=\/wp\/v2\/media\/28358"}],"wp:attachment":[{"href":"https:\/\/iuzb.de\/index.php?rest_route=%2Fwp%2Fv2%2Fmedia&parent=28344"}],"wp:term":[{"taxonomy":"category","embeddable":true,"href":"https:\/\/iuzb.de\/index.php?rest_route=%2Fwp%2Fv2%2Fcategories&post=28344"},{"taxonomy":"post_tag","embeddable":true,"href":"https:\/\/iuzb.de\/index.php?rest_route=%2Fwp%2Fv2%2Ftags&post=28344"}],"curies":[{"name":"wp","href":"https:\/\/api.w.org\/{rel}","templated":true}]}}