{"id":28327,"date":"2019-11-17T15:25:10","date_gmt":"2019-11-17T14:25:10","guid":{"rendered":"http:\/\/iuzb.de\/?p=28327"},"modified":"2020-12-01T21:27:55","modified_gmt":"2020-12-01T20:27:55","slug":"der-kampf-um-das-geld-iuzb-erwartet-weiterhin-absetzung-der-vv-am-25-11-2019","status":"publish","type":"post","link":"https:\/\/iuzb.de\/?p=28327","title":{"rendered":"\u201eDer Kampf um das Geld\u201c: IUZB erwartet WEITERHIN Absetzung der VV am 25.11.2019"},"content":{"rendered":"<p><span style=\"text-decoration: underline;\">Heutige Nachricht an den Vorsitzenden der Vertreterversammlung auf <a href=\"https:\/\/iuzb.de\/?p=28068#comment-742\" target=\"_blank\" rel=\"noopener noreferrer\">seine Nachricht vom 03.11.2019<\/a>:<\/span><\/p>\n<p>&nbsp;<\/p>\n<p>Sehr geehrter Herr Dr. Schleithoff,<\/p>\n<p>vielen Dank f\u00fcr <a href=\"https:\/\/iuzb.de\/?p=28068#comment-742\" target=\"_blank\" rel=\"noopener noreferrer\">Ihre Erl\u00e4uterung<\/a> sowie die <a href=\"https:\/\/iuzb.de\/?p=28310\" target=\"_blank\" rel=\"noopener noreferrer\">heutige \u00dcbermittlung der rechtlichen Argumente zur Nichtzulassungsbeschwerde beim Bundesssozialgericht<\/a>.<\/p>\n<p>Ich m\u00f6chte jedoch nochmals darauf hinweisen, dass die Behandlung des &#8222;TOP 9 Dienstvertr\u00e4ge des Vorstands&#8220; solange zu vertagen ist, bis das Bundessozialgericht eine Entscheidung \u00fcber die Nichtzulassungsbeschwerde getroffen hat. Der Beschluss der Vertreterversammlung ist insofern ein erweiterter Antrag zum Antrag des Vorstandes, welcher damit praktisch zun\u00e4chst hinf\u00e4llig wurde. Der Antrag des Vorstandes ist daher bis zur Vorlage einer Entscheidung durch das Bundessozialgericht zur\u00fcckzustellen; wenn er sich durch den erweiterten Antragsbeschluss nicht sogar inhaltlich erledigt hat und dann vom Vorstand in einer sp\u00e4tere Vertreterversammlkung neu zu stellen ist &#8211; dann allerdings erst nach der Entscheidung durch das Bundessozialgericht.<\/p>\n<p>Der TOP 10 ist dann als unerledigter Punkt f\u00fcr die regul\u00e4r n\u00e4chste Vertreterversammlung am 02.12.2019 als erster Punkte der Tagesordnung anzusetzen.<\/p>\n<p>Ich bitte Sie daher nochmals, die Vertreterversammlung am 25.11.2019 abzusetzen.<\/p>\n<p>Mit freundlichen und kollegialen Gr\u00fc\u00dfen<\/p>\n<p>Gerhard Gneist<br \/>\nVertreter<br \/>\n1. Vorsitzender IUZB e.V.<\/p>\n<p>&nbsp;<\/p>\n","protected":false},"excerpt":{"rendered":"<p>Heutige Nachricht an den Vorsitzenden der Vertreterversammlung auf seine Nachricht vom 03.11.2019: &nbsp; Sehr geehrter Herr Dr. Schleithoff, vielen Dank f\u00fcr Ihre Erl\u00e4uterung sowie die heutige \u00dcbermittlung der rechtlichen Argumente [&#8230;]<\/p>\n","protected":false},"author":8,"featured_media":28340,"comment_status":"open","ping_status":"closed","sticky":false,"template":"","format":"standard","meta":{"ngg_post_thumbnail":0,"iawp_total_views":1,"footnotes":""},"categories":[98,242,45,97,237],"tags":[],"class_list":["post-28327","post","type-post","status-publish","format-standard","has-post-thumbnail","hentry","category-diaeten-kzv","category-infobriefe","category-kzv-berlin","category-vertreterversammlung-kzv-berlin","category-vorstand-kzv"],"_links":{"self":[{"href":"https:\/\/iuzb.de\/index.php?rest_route=\/wp\/v2\/posts\/28327","targetHints":{"allow":["GET"]}}],"collection":[{"href":"https:\/\/iuzb.de\/index.php?rest_route=\/wp\/v2\/posts"}],"about":[{"href":"https:\/\/iuzb.de\/index.php?rest_route=\/wp\/v2\/types\/post"}],"author":[{"embeddable":true,"href":"https:\/\/iuzb.de\/index.php?rest_route=\/wp\/v2\/users\/8"}],"replies":[{"embeddable":true,"href":"https:\/\/iuzb.de\/index.php?rest_route=%2Fwp%2Fv2%2Fcomments&post=28327"}],"version-history":[{"count":2,"href":"https:\/\/iuzb.de\/index.php?rest_route=\/wp\/v2\/posts\/28327\/revisions"}],"predecessor-version":[{"id":28339,"href":"https:\/\/iuzb.de\/index.php?rest_route=\/wp\/v2\/posts\/28327\/revisions\/28339"}],"wp:featuredmedia":[{"embeddable":true,"href":"https:\/\/iuzb.de\/index.php?rest_route=\/wp\/v2\/media\/28340"}],"wp:attachment":[{"href":"https:\/\/iuzb.de\/index.php?rest_route=%2Fwp%2Fv2%2Fmedia&parent=28327"}],"wp:term":[{"taxonomy":"category","embeddable":true,"href":"https:\/\/iuzb.de\/index.php?rest_route=%2Fwp%2Fv2%2Fcategories&post=28327"},{"taxonomy":"post_tag","embeddable":true,"href":"https:\/\/iuzb.de\/index.php?rest_route=%2Fwp%2Fv2%2Ftags&post=28327"}],"curies":[{"name":"wp","href":"https:\/\/api.w.org\/{rel}","templated":true}]}}