{"id":28310,"date":"2019-11-17T10:32:42","date_gmt":"2019-11-17T09:32:42","guid":{"rendered":"http:\/\/iuzb.de\/?p=28310"},"modified":"2020-12-01T21:23:17","modified_gmt":"2020-12-01T20:23:17","slug":"der-kampf-um-das-geld-der-vorsitzende-der-vertreterversammlung-erlaeutert-seinen-rechtsstandpunkt","status":"publish","type":"post","link":"https:\/\/iuzb.de\/?p=28310","title":{"rendered":"&#8222;Der Kampf um das Geld&#8220;: Der Vorsitzende der Vertreterversammlung benennt die rechtlichen Argumente der Nichtzulassungsbeschwerde"},"content":{"rendered":"<p>Antwort vom 17.11.2019 des Vorsitzenden der Vertreterversammlung an die IUZB auf unsere<br \/>\n<a href=\"https:\/\/iuzb.de\/?p=27973#comment-768\" target=\"_blank\" rel=\"noopener noreferrer\">Offene Anfrage vom 08.11.2019<\/a>:<\/p>\n<blockquote><p>Sehr geehrter Herr Gneist,<\/p>\n<p>nachdem ich in der letzten Woche die Begr\u00fcndung der Nichtzulassungsbeschwerde eingesehen habe, teile ich Ihnen -wie zugesagt- die wesentlichen Gedanken hieraus mit.<\/p>\n<p>Nach ausf\u00fchrlicher Darstellung des Ihnen bekannten Dienstvertrages (Anlage des Entwurfes zur Tagesordnung vom 16.01.2017) und umf\u00e4nglicher Darstellung des <a href=\"https:\/\/iuzb.de\/wp-content\/uploads\/2019\/08\/2019-04-10-KZV-Berlin-gegen-Land-Berlin-Az-L-7-KA-3817-KL-mit-Markierung.pdf\" target=\"_blank\" rel=\"noopener noreferrer\">Urteils des Landessozialgerichtes<\/a>, dessen Urteil Ihnen ebenfalls vorliegt, st\u00fctzt sich die <a href=\"https:\/\/dejure.org\/gesetze\/SGG\/160a.html\" target=\"_blank\" rel=\"noopener noreferrer\">Nichtzulassungsbeschwerde<\/a> im Wesentlichen auf die nachfolgend aufgef\u00fchrten Argumente:<\/p>\n<ol>\n<li>Grunds\u00e4tzliche Bedeutung der konkreten Rechtsfrage, da hiervon eine nicht unbetr\u00e4chtliche Anzahl von Dienstvertr\u00e4gen in der Bundesrepublik betroffen sind oder sein k\u00f6nnten.<\/li>\n<li>Kl\u00e4rungsbed\u00fcrftigkeit der Frage der Genehmigungsf\u00e4higkeit der Dienstvertr\u00e4ge unter Ber\u00fccksichtigung der Frage, ob Vorstandsvertr\u00e4ge der KZV analog BGB \u00a7<a href=\"https:\/\/dejure.org\/gesetze\/BGB\/133.html\" target=\"_blank\" rel=\"noopener noreferrer\">133<\/a> und <a href=\"https:\/\/dejure.org\/gesetze\/BGB\/157.html\" target=\"_blank\" rel=\"noopener noreferrer\">157<\/a> auslegbar sind.<\/li>\n<li>Kl\u00e4rungsf\u00e4higkeit der Frage, ob bei Annahme der Mehrdeutigkeit des Vertrages (wie vom <a href=\"https:\/\/iuzb.de\/wp-content\/uploads\/2019\/08\/2019-04-10-KZV-Berlin-gegen-Land-Berlin-Az-L-7-KA-3817-KL-mit-Markierung.pdf\" target=\"_blank\" rel=\"noopener noreferrer\">Landessozialgericht in seiner Begr\u00fcndung<\/a> festgestellt) diese, unter Auslegung entsprechend \u00a7\u00a7 <a href=\"https:\/\/dejure.org\/gesetze\/BGB\/133.html\" target=\"_blank\" rel=\"noopener noreferrer\">133<\/a> und <a href=\"https:\/\/dejure.org\/gesetze\/BGB\/157.html\" target=\"_blank\" rel=\"noopener noreferrer\">157<\/a>, behoben werden k\u00f6nnte.<\/li>\n<li>Beseitigung des Verfahrensmangels, der sich aus dem Grundsatz ergibt, dass den Beteiligten rechtliches Geh\u00f6r (\u00a7<a href=\"https:\/\/dejure.org\/gesetze\/SGG\/62.html#suche=SGG%20%C2%A7%2062\" target=\"_blank\" rel=\"noopener noreferrer\">62<\/a> SGG) zu gew\u00e4hren ist, welches wegen der Art der <a href=\"https:\/\/iuzb.de\/wp-content\/uploads\/2019\/08\/2019-04-10-KZV-Berlin-gegen-Land-Berlin-Az-L-7-KA-3817-KL-mit-Markierung.pdf\" target=\"_blank\" rel=\"noopener noreferrer\">Entscheidung des Landessozialgerichts<\/a> nicht ausreichend gew\u00e4hrt wurde.<\/li>\n<\/ol>\n<p>Ich hoffe, dass ich Ihnen mit dieser Darstellung die wesentlichen Inhalte der Nichtzulassungsbeschwerde darstellen konnte.<\/p>\n<p>Sollten Sie hierzu weitere Fragen haben, k\u00f6nnen wir diese gerne im Tagesordnungspunkt &#8222;Fragestunde&#8220; am 02.12.2019 er\u00f6rtern.<\/p>\n<p>Abschlie\u00dfend teile ich Ihnen mit, dass ich in meiner Amtsf\u00fchrung weder behindert noch gen\u00f6tigt werde. Meine Zust\u00e4ndigkeit habe und werde ich an niemanden delegieren.<\/p>\n<p>Mit kollegialen Gr\u00fc\u00dfen<\/p>\n<p>Dr. Heiner Schleithoff<\/p><\/blockquote>\n","protected":false},"excerpt":{"rendered":"<p>Antwort vom 17.11.2019 des Vorsitzenden der Vertreterversammlung an die IUZB auf unsere Offene Anfrage vom 08.11.2019: Sehr geehrter Herr Gneist, nachdem ich in der letzten Woche die Begr\u00fcndung der Nichtzulassungsbeschwerde [&#8230;]<\/p>\n","protected":false},"author":8,"featured_media":28320,"comment_status":"open","ping_status":"closed","sticky":false,"template":"","format":"standard","meta":{"ngg_post_thumbnail":0,"iawp_total_views":1,"footnotes":""},"categories":[98,242,45,97,101,237],"tags":[],"class_list":["post-28310","post","type-post","status-publish","format-standard","has-post-thumbnail","hentry","category-diaeten-kzv","category-infobriefe","category-kzv-berlin","category-vertreterversammlung-kzv-berlin","category-vorsitzender","category-vorstand-kzv"],"_links":{"self":[{"href":"https:\/\/iuzb.de\/index.php?rest_route=\/wp\/v2\/posts\/28310","targetHints":{"allow":["GET"]}}],"collection":[{"href":"https:\/\/iuzb.de\/index.php?rest_route=\/wp\/v2\/posts"}],"about":[{"href":"https:\/\/iuzb.de\/index.php?rest_route=\/wp\/v2\/types\/post"}],"author":[{"embeddable":true,"href":"https:\/\/iuzb.de\/index.php?rest_route=\/wp\/v2\/users\/8"}],"replies":[{"embeddable":true,"href":"https:\/\/iuzb.de\/index.php?rest_route=%2Fwp%2Fv2%2Fcomments&post=28310"}],"version-history":[{"count":13,"href":"https:\/\/iuzb.de\/index.php?rest_route=\/wp\/v2\/posts\/28310\/revisions"}],"predecessor-version":[{"id":28324,"href":"https:\/\/iuzb.de\/index.php?rest_route=\/wp\/v2\/posts\/28310\/revisions\/28324"}],"wp:featuredmedia":[{"embeddable":true,"href":"https:\/\/iuzb.de\/index.php?rest_route=\/wp\/v2\/media\/28320"}],"wp:attachment":[{"href":"https:\/\/iuzb.de\/index.php?rest_route=%2Fwp%2Fv2%2Fmedia&parent=28310"}],"wp:term":[{"taxonomy":"category","embeddable":true,"href":"https:\/\/iuzb.de\/index.php?rest_route=%2Fwp%2Fv2%2Fcategories&post=28310"},{"taxonomy":"post_tag","embeddable":true,"href":"https:\/\/iuzb.de\/index.php?rest_route=%2Fwp%2Fv2%2Ftags&post=28310"}],"curies":[{"name":"wp","href":"https:\/\/api.w.org\/{rel}","templated":true}]}}