{"id":28068,"date":"2019-11-01T10:49:03","date_gmt":"2019-11-01T09:49:03","guid":{"rendered":"http:\/\/iuzb.de\/?p=28068"},"modified":"2020-12-01T21:20:24","modified_gmt":"2020-12-01T20:20:24","slug":"der-kampf-umd-das-geld-iuzb-fordert-absetzung-der-vv-am-25-11-2019","status":"publish","type":"post","link":"https:\/\/iuzb.de\/?p=28068","title":{"rendered":"\u201eDer Kampf um das Geld\u201c: IUZB erwartet Absetzung der VV am 25.11.2019"},"content":{"rendered":"<p><span style=\"text-decoration: underline;\">Ging heute an die Vorsitzenden der Vertreterversammlung:<\/span><\/p>\n<p>Sehr geehrter Herr Dr. Schleithoff,<br \/>\nsehr geehrte Frau Fotiadis-Wentker,<\/p>\n<p>angesichts<\/p>\n<ol>\n<li>des Beschlusses der Vertreterversammlung vom 09.09.2019, dass die Beschwerde gegen die Nichtzulassung der Revision gegen das Urteil des Landessozialgerichts Berlin-Brandenburg beim Bundessozialgericht <span style=\"text-decoration: underline;\">nicht<\/span> zur\u00fcckgenommen werden soll und<\/li>\n<li>des eindeutigen Inhalts des <a href=\"https:\/\/iuzb.de\/wp-content\/uploads\/2019\/11\/2019-09-26-Senatsverwaltung-an-KZV-anonymisiert.pdf\" target=\"_blank\" rel=\"noopener noreferrer\">Schreibens der Senatsverwaltung f\u00fcr Gesundheit, Pflege und Gleichstellung vom 26.09.2019<\/a> als Aufsichtsbeh\u00f6rde \u00fcber die KZV Berlin,<\/li>\n<\/ol>\n<p>erwarten wir und fordern wir Sie auf,<\/p>\n<ol>\n<li><strong>die f\u00fcr den 25.11.2019 angesetzte Vertreterversammlung abzusetzen<\/strong> und<\/li>\n<li>den vertagten TOP 10 aus der VV vom 09.09.2019 (\u00c4nderung der Gesch\u00e4ftsordnung der VV \u201e\u00a7 11 Protokoll\u201c) zeitlich auf die n\u00e4chste regul\u00e4re Vertreterversammlung am 02. Dezember 2019 zu verlegen,<\/li>\n<li><strong>sowie den vertagten TOP 9 aus der VV vom 09.09.2019 erst wieder in einer Vertreterversammlung anzusetzen, wenn das Bundessozialgericht \u00fcber die Beschwerde der Nichtzulassung verbindlich entschieden hat.<\/strong><\/li>\n<\/ol>\n<p>Wir haben au\u00dferdem den Eindruck, dass &#8222;Herr des Verfahrens&#8220; der Vorstand ist. Das darf nicht sein, denn der Vorstand vertritt hier eigene finanzielle Interessen.<\/p>\n<p><strong>Wir fordern Sie daher auf, das Verfahren in Sachen Vorstandsvertr\u00e4ge etc. an sich zu ziehen.\u00a0<\/strong><\/p>\n<p>Die Senatsverwaltung hat Sie <a href=\"https:\/\/iuzb.de\/wp-content\/uploads\/2019\/11\/2019-09-26-Senatsverwaltung-an-KZV-anonymisiert.pdf\" target=\"_blank\" rel=\"noopener noreferrer\">im ersten Absatz des Schreibens vom 26.09.2019<\/a> auf Ihre Zust\u00e4ndigkeit hingewiesen. Bitte erf\u00fcllen Sie Ihre diesbez\u00fcglichen Dienstpflichten.<\/p>\n<p>Mit freundlichen kollegialen Gr\u00fc\u00dfen<\/p>\n<p>&nbsp;<\/p>\n<p><img loading=\"lazy\" decoding=\"async\" class=\"alignleft size-full wp-image-16500\" src=\"https:\/\/iuzb.de\/wp-content\/uploads\/2013\/08\/Gerhard-Gneist-klein-150.jpg\" alt=\"\" width=\"150\" height=\"200\" \/><\/p>\n<p>&nbsp;<\/p>\n<p>&nbsp;<\/p>\n<p><strong>Gerhard Gneist<\/strong><\/p>\n<p>Mitglied der Vertreterversammlung<br \/>\n1. Vorsitzender IUZB e.V.<\/p>\n<p>&nbsp;<\/p>\n<p>&nbsp;<\/p>\n<p>&nbsp;<\/p>\n<p>PS: Das <a href=\"https:\/\/iuzb.de\/wp-content\/uploads\/2019\/11\/2019-09-26-Senatsverwaltung-an-KZV-anonymisiert.pdf\" target=\"_blank\" rel=\"noopener noreferrer\">Schreiben der Senatsverwaltung<\/a> erging nachrichtlich auch <a href=\"https:\/\/www.kzv-berlin.de\/kzv-berlin\/organe-und-struktur\/vertreterversammlung\/\">an die Mitglieder der VV<\/a> (<a class=\"moz-txt-link-abbreviated\" href=\"mailto:vertreterversammlung@kzv-berlin.de\">vertreterversammlung@kzv-berlin.de<\/a>), warum haben wir es nicht zeitnah, sondern erst jetzt &#8211; nach \u00fcber einem Monat &#8211; erhalten?<\/p>\n<p>cc. f\u00fcr alle Mitglieder der Vertreterversamlung (<a class=\"moz-txt-link-abbreviated\" href=\"mailto:vertreterversammlung@kzv-berlin.de\">vertreterversammlung@kzv-berlin.de<\/a>)<\/p>\n<p>&nbsp;<\/p>\n","protected":false},"excerpt":{"rendered":"<p>Ging heute an die Vorsitzenden der Vertreterversammlung: Sehr geehrter Herr Dr. Schleithoff, sehr geehrte Frau Fotiadis-Wentker, angesichts des Beschlusses der Vertreterversammlung vom 09.09.2019, dass die Beschwerde gegen die Nichtzulassung der [&#8230;]<\/p>\n","protected":false},"author":8,"featured_media":28071,"comment_status":"open","ping_status":"closed","sticky":false,"template":"","format":"standard","meta":{"ngg_post_thumbnail":0,"iawp_total_views":4,"footnotes":""},"categories":[98,242,97,237],"tags":[],"class_list":["post-28068","post","type-post","status-publish","format-standard","has-post-thumbnail","hentry","category-diaeten-kzv","category-infobriefe","category-vertreterversammlung-kzv-berlin","category-vorstand-kzv"],"_links":{"self":[{"href":"https:\/\/iuzb.de\/index.php?rest_route=\/wp\/v2\/posts\/28068","targetHints":{"allow":["GET"]}}],"collection":[{"href":"https:\/\/iuzb.de\/index.php?rest_route=\/wp\/v2\/posts"}],"about":[{"href":"https:\/\/iuzb.de\/index.php?rest_route=\/wp\/v2\/types\/post"}],"author":[{"embeddable":true,"href":"https:\/\/iuzb.de\/index.php?rest_route=\/wp\/v2\/users\/8"}],"replies":[{"embeddable":true,"href":"https:\/\/iuzb.de\/index.php?rest_route=%2Fwp%2Fv2%2Fcomments&post=28068"}],"version-history":[{"count":16,"href":"https:\/\/iuzb.de\/index.php?rest_route=\/wp\/v2\/posts\/28068\/revisions"}],"predecessor-version":[{"id":28086,"href":"https:\/\/iuzb.de\/index.php?rest_route=\/wp\/v2\/posts\/28068\/revisions\/28086"}],"wp:featuredmedia":[{"embeddable":true,"href":"https:\/\/iuzb.de\/index.php?rest_route=\/wp\/v2\/media\/28071"}],"wp:attachment":[{"href":"https:\/\/iuzb.de\/index.php?rest_route=%2Fwp%2Fv2%2Fmedia&parent=28068"}],"wp:term":[{"taxonomy":"category","embeddable":true,"href":"https:\/\/iuzb.de\/index.php?rest_route=%2Fwp%2Fv2%2Fcategories&post=28068"},{"taxonomy":"post_tag","embeddable":true,"href":"https:\/\/iuzb.de\/index.php?rest_route=%2Fwp%2Fv2%2Ftags&post=28068"}],"curies":[{"name":"wp","href":"https:\/\/api.w.org\/{rel}","templated":true}]}}