{"id":27973,"date":"2019-10-23T09:28:54","date_gmt":"2019-10-23T07:28:54","guid":{"rendered":"http:\/\/iuzb.de\/?p=27973"},"modified":"2020-12-01T21:19:46","modified_gmt":"2020-12-01T20:19:46","slug":"informationsbeschaffung-zur-kommenden-vertreterversammlung-der-kampf-um-das-geld","status":"publish","type":"post","link":"https:\/\/iuzb.de\/?p=27973","title":{"rendered":"&#8222;Der Kampf um das Geld&#8220;: Oppositionelle Informationsbeschaffung zur kommenden Vertreterversammlung"},"content":{"rendered":"<p>&nbsp;<\/p>\n<ul>\n<li><span class=\"s1\">An den Vorstandsvorsitzenden der KZV Vertreterversammlung, Herrn Dr. Schleithoff, und an die stellvertretende Vorstandsvorsitzende, Frau Fotiadis-Wentker<\/span><\/li>\n<li class=\"p1\"><span class=\"s1\">An den Vorstand der KZV Berlin<\/span><\/li>\n<li class=\"p1\"><span class=\"s1\">An den Gesch\u00e4ftsf\u00fchrer der KZV Berlin, Herrn Dr. Uhlich<\/span><\/li>\n<\/ul>\n<p>&nbsp;<\/p>\n<p><span style=\"text-decoration: underline;\">EMail vom 22.10.2019 betreffend:<\/span><br \/>\n<strong>Vorabauskunft zu &#8222;TOP 9 &#8211; Dienstvertr\u00e4ge des Vorstandes&#8220; ((R\u00fcckwirkende) Erh\u00f6hung der Vorstandsbez\u00fcge) zur <a href=\"https:\/\/iuzb.de\/?p=27676\" target=\"_blank\" rel=\"noopener noreferrer\">VV am 25.11.2019<\/a><\/strong><\/p>\n<p>&nbsp;<\/p>\n<p>&nbsp;<\/p>\n<p class=\"p1\"><span class=\"s1\">Sehr geehrte Dame und sehr geehrte Herren,<\/span><\/p>\n<p class=\"p1\"><span class=\"s1\">ich beziehe mich auf das gleichlautende Schreiben des Sprechers der Fraktion Gesundheit, den Kollegen Peter Scharf, und bitte,<br \/>\n<\/span><\/p>\n<ul>\n<li class=\"p1\"><span class=\"s1\">mir die Begr\u00fcndung des Antrages der Nichtzulassungsbeschwerde <a href=\"https:\/\/iuzb.de\/?p=27269\" target=\"_blank\" rel=\"noopener noreferrer\">gegen das Urteil des Landessozialgerichts Berlin-Brandenburg vom 10. April 2019<\/a> beim Bundessozialgericht vorab und rechtzeitig zuzusenden, damit ich mich auf die kommende Sitzung der VV am 25.11.2019 entsprechend vorbereiten kann.<\/span><\/li>\n<li class=\"p1\"><span class=\"s1\">Ich bitte ferner um Zusendung des Beschlusses (der Beschl\u00fcsse) der VV, der das \u201cfinanzielle Volumen der Vorstandsbez\u00fcge\u201d festgelegt bzw. best\u00e4tigt haben soll.<\/span><\/li>\n<\/ul>\n<p class=\"p1\"><span class=\"s1\">Im \u00dcbrigen ist m.E. eine erneute Befassung mit dem vertagten Tagesordnungspunkt nicht zielf\u00fchrend, bevor das Bundessozialgericht eine Entscheidung \u00fcber die Nichtzulassungsbeschwerde gef\u00e4llt hat.<\/span><\/p>\n<ul>\n<li class=\"p1\"><span class=\"s1\">Ich bitte au\u00dferdem mir mitzuteilen, ob der Vorstand weiterhin und wenn ja, wie, an seinem Vorhaben festh\u00e4lt, seine Bez\u00fcge gegen\u00fcber dem derzeitig geltenden und genehmigten Vertr\u00e4gen zu erh\u00f6hen.<\/span><\/li>\n<li class=\"p1\"><span class=\"s1\">Wenn es Argumente f\u00fcr eine Erh\u00f6hung der Vorstandsbez\u00fcge alternativ zu den von der Aufsichtsbeh\u00f6rde und dem Sozialgericht angelehnten Vertragsklauseln gibt, die \u00fcber die Begr\u00fcndung in der Nichtzulassungsbeschwerde hinaus gehen, so bitte ich mir diese ebenfalls vorab schriftlich zur Kenntnis zu bringen. Insbesondere, wenn darin r\u00fcckwirkende Vereinbarungen beschlossen werden sollen.<\/span><\/li>\n<\/ul>\n<p class=\"p1\"><span class=\"s1\">Mit kollegialem Gru\u00df\u00a0<\/span><\/p>\n<p><img loading=\"lazy\" decoding=\"async\" class=\"size-full wp-image-16500 alignleft\" src=\"https:\/\/iuzb.de\/wp-content\/uploads\/2013\/08\/Gerhard-Gneist-klein-150.jpg\" alt=\"\" width=\"150\" height=\"200\" \/><\/p>\n<p>&nbsp;<\/p>\n<p>&nbsp;<\/p>\n<p class=\"p1\"><span class=\"s1\"><strong>Gerhard Gneist<\/strong><br \/>\n<\/span><\/p>\n<ul>\n<li><span class=\"s1\">Mitglied der Vertreterversammlung<\/span><\/li>\n<li><span class=\"s1\">1. Vorsitzender IUZB e.V.<\/span><\/li>\n<\/ul>\n","protected":false},"excerpt":{"rendered":"<p>&nbsp; An den Vorstandsvorsitzenden der KZV Vertreterversammlung, Herrn Dr. Schleithoff, und an die stellvertretende Vorstandsvorsitzende, Frau Fotiadis-Wentker An den Vorstand der KZV Berlin An den Gesch\u00e4ftsf\u00fchrer der KZV Berlin, Herrn [&#8230;]<\/p>\n","protected":false},"author":8,"featured_media":27978,"comment_status":"open","ping_status":"closed","sticky":false,"template":"","format":"standard","meta":{"ngg_post_thumbnail":0,"iawp_total_views":3,"footnotes":""},"categories":[98,242,45,97,237],"tags":[],"class_list":["post-27973","post","type-post","status-publish","format-standard","has-post-thumbnail","hentry","category-diaeten-kzv","category-infobriefe","category-kzv-berlin","category-vertreterversammlung-kzv-berlin","category-vorstand-kzv"],"_links":{"self":[{"href":"https:\/\/iuzb.de\/index.php?rest_route=\/wp\/v2\/posts\/27973","targetHints":{"allow":["GET"]}}],"collection":[{"href":"https:\/\/iuzb.de\/index.php?rest_route=\/wp\/v2\/posts"}],"about":[{"href":"https:\/\/iuzb.de\/index.php?rest_route=\/wp\/v2\/types\/post"}],"author":[{"embeddable":true,"href":"https:\/\/iuzb.de\/index.php?rest_route=\/wp\/v2\/users\/8"}],"replies":[{"embeddable":true,"href":"https:\/\/iuzb.de\/index.php?rest_route=%2Fwp%2Fv2%2Fcomments&post=27973"}],"version-history":[{"count":14,"href":"https:\/\/iuzb.de\/index.php?rest_route=\/wp\/v2\/posts\/27973\/revisions"}],"predecessor-version":[{"id":28052,"href":"https:\/\/iuzb.de\/index.php?rest_route=\/wp\/v2\/posts\/27973\/revisions\/28052"}],"wp:featuredmedia":[{"embeddable":true,"href":"https:\/\/iuzb.de\/index.php?rest_route=\/wp\/v2\/media\/27978"}],"wp:attachment":[{"href":"https:\/\/iuzb.de\/index.php?rest_route=%2Fwp%2Fv2%2Fmedia&parent=27973"}],"wp:term":[{"taxonomy":"category","embeddable":true,"href":"https:\/\/iuzb.de\/index.php?rest_route=%2Fwp%2Fv2%2Fcategories&post=27973"},{"taxonomy":"post_tag","embeddable":true,"href":"https:\/\/iuzb.de\/index.php?rest_route=%2Fwp%2Fv2%2Ftags&post=27973"}],"curies":[{"name":"wp","href":"https:\/\/api.w.org\/{rel}","templated":true}]}}