{"id":27962,"date":"2019-10-21T13:04:41","date_gmt":"2019-10-21T11:04:41","guid":{"rendered":"http:\/\/iuzb.de\/?p=27962"},"modified":"2019-10-21T13:13:18","modified_gmt":"2019-10-21T11:13:18","slug":"wie-ein-trojaner-das-hoechste-gericht-berlins-lahmlegte","status":"publish","type":"post","link":"https:\/\/iuzb.de\/?p=27962","title":{"rendered":"Wie Trojaner &#8222;Emotet&#8220; das h\u00f6chste Gericht Berlins lahmlegte"},"content":{"rendered":"<p>FAZ, 21.10.2019:<\/p>\n<ul>\n<li><a href=\"https:\/\/edition.faz.net\/faz-edition\/unternehmen\/2019-10-21\/8ac5c8d050665768f368c8c35a1c2da0?GEPC=s9\" target=\"_blank\" rel=\"noopener noreferrer\">Wie ein Trojaner das h\u00f6chste Gericht Berlins lahmlegte<\/a><\/li>\n<\/ul>\n<p>&nbsp;<\/p>\n<p><span style=\"text-decoration: underline;\">Weiterf\u00fchrend:<br \/>\n<\/span><\/p>\n<ul>\n<li>Wikipedia: <a href=\"https:\/\/de.wikipedia.org\/wiki\/Emotet\" target=\"_blank\" rel=\"noopener noreferrer\">Trojaner Emotet<\/a><\/li>\n<li>Kammerericht Berlin:<br \/>\n&#8211; <a href=\"https:\/\/www.berlin.de\/gerichte\/presse\/pressemitteilungen-der-ordentlichen-gerichtsbarkeit\/2019\/pressemitteilung.856025.php\" target=\"_blank\" rel=\"noopener noreferrer\">21.10.2019<\/a>: Stellungnahme des Pr\u00e4sidenten des Kammergerichts Dr. Bernd Pickel zu den aktuellen Entwicklungen nach dem Trojaner-Angriff<br \/>\n&#8211; <a href=\"https:\/\/www.berlin.de\/gerichte\/presse\/pressemitteilungen-der-ordentlichen-gerichtsbarkeit\/2019\/pressemitteilung.855646.php\" target=\"_blank\" rel=\"noopener noreferrer\">17.10.2019<\/a>: Aktuelle Informationen zu den Ma\u00dfnahmen nach dem Trojaner-Angriff auf das Computersystem des Kammergerichts<br \/>\n&#8211; <a href=\"https:\/\/www.berlin.de\/gerichte\/presse\/pressemitteilungen-der-ordentlichen-gerichtsbarkeit\/2019\/pressemitteilung.852429.php\" target=\"_blank\" rel=\"noopener noreferrer\">07.10.2019<\/a>: Kammergericht: aktueller Stand zum Computersystem des Kammergerichts<\/li>\n<\/ul>\n<p>&nbsp;<\/p>\n","protected":false},"excerpt":{"rendered":"<p>FAZ, 21.10.2019: Wie ein Trojaner das h\u00f6chste Gericht Berlins lahmlegte &nbsp; Weiterf\u00fchrend: Wikipedia: Trojaner Emotet Kammerericht Berlin: &#8211; 21.10.2019: Stellungnahme des Pr\u00e4sidenten des Kammergerichts Dr. Bernd Pickel zu den aktuellen [&#8230;]<\/p>\n","protected":false},"author":13,"featured_media":0,"comment_status":"open","ping_status":"closed","sticky":false,"template":"","format":"standard","meta":{"ngg_post_thumbnail":0,"iawp_total_views":0,"footnotes":""},"categories":[177],"tags":[],"class_list":["post-27962","post","type-post","status-publish","format-standard","hentry","category-berlin"],"_links":{"self":[{"href":"https:\/\/iuzb.de\/index.php?rest_route=\/wp\/v2\/posts\/27962","targetHints":{"allow":["GET"]}}],"collection":[{"href":"https:\/\/iuzb.de\/index.php?rest_route=\/wp\/v2\/posts"}],"about":[{"href":"https:\/\/iuzb.de\/index.php?rest_route=\/wp\/v2\/types\/post"}],"author":[{"embeddable":true,"href":"https:\/\/iuzb.de\/index.php?rest_route=\/wp\/v2\/users\/13"}],"replies":[{"embeddable":true,"href":"https:\/\/iuzb.de\/index.php?rest_route=%2Fwp%2Fv2%2Fcomments&post=27962"}],"version-history":[{"count":9,"href":"https:\/\/iuzb.de\/index.php?rest_route=\/wp\/v2\/posts\/27962\/revisions"}],"predecessor-version":[{"id":27971,"href":"https:\/\/iuzb.de\/index.php?rest_route=\/wp\/v2\/posts\/27962\/revisions\/27971"}],"wp:attachment":[{"href":"https:\/\/iuzb.de\/index.php?rest_route=%2Fwp%2Fv2%2Fmedia&parent=27962"}],"wp:term":[{"taxonomy":"category","embeddable":true,"href":"https:\/\/iuzb.de\/index.php?rest_route=%2Fwp%2Fv2%2Fcategories&post=27962"},{"taxonomy":"post_tag","embeddable":true,"href":"https:\/\/iuzb.de\/index.php?rest_route=%2Fwp%2Fv2%2Ftags&post=27962"}],"curies":[{"name":"wp","href":"https:\/\/api.w.org\/{rel}","templated":true}]}}