{"id":27932,"date":"2019-10-15T10:16:41","date_gmt":"2019-10-15T08:16:41","guid":{"rendered":"http:\/\/iuzb.de\/?p=27932"},"modified":"2020-12-01T21:19:27","modified_gmt":"2020-12-01T20:19:27","slug":"weckruf-die-afd-in-unserem-berufsstand","status":"publish","type":"post","link":"https:\/\/iuzb.de\/?p=27932","title":{"rendered":"Weckruf: &#8222;Die AfD in unserem Berufsstand&#8220;"},"content":{"rendered":"<blockquote><p><strong>Die AfD in unserem Berufsstand<\/strong><\/p>\n<p style=\"text-align: justify;\">Erst k\u00fcrzlich wurde bei einem B\u00fcrgerdialog mit Angela Merkel von einem AfD-Politiker unterstellt, die Kanzlerin habe Deutschland in eine Diktatur gef\u00fchrt. Als AfDler k\u00f6nne man seine Meinung nicht frei sagen. Frau Merkel stellte dazu fest, er s\u00e4\u00dfe doch hier in Reihe eins und sei mit seiner Frage nicht gef\u00e4hrdet. Das ist eine ebenso klare wie wahre Einlassung zu einer Behauptung, die an L\u00e4cherlichkeit und Dummheit kaum zu \u00fcberbieten ist.<\/p>\n<p style=\"text-align: justify;\">Wie kommt es aber, dass mindestens zwei Berliner Kollegen, der eine Bezirksvorsitzende der AfD in Lichtenberg, der andere Mitglied der Fraktion der AfD im Berliner Abgeordnetenhaus, immer noch die Positionen dieser Partei vertreten? Es kann doch nicht sein, dass man den Aussagen einer Frau v. Storch, einer Frau Weidel oder denen der Herren Gauland, Kalbitz und vor allen Dingen denen von Herrn H\u00f6cke kritiklos folgt! Von beiden habe ich nie eine Distanzierung geh\u00f6rt, eher die ber\u00fcchtigten Worte: \u201edas wird man doch noch sagen d\u00fcrfen\u2026\u201c Einer der beiden war sogar Vorsitzender unserer Vertreterversammlung von 2010 bis 2016. Sein Weltbild war allerdings bei seiner Wahl noch nicht bekannt. Der andere war lange Mitglied in der DV der Berliner Zahn\u00e4rztekammer und sogar im Vorstand des Berliner FVDZ. Von beiden sollte man also zumindest ein gewisses intellektuelles Niveau erwarten. Diese Erwartung erf\u00fcllte sich bisher leider nicht.<\/p>\n<p style=\"text-align: justify;\">Das und die Spr\u00fcche der AfD erinnert an ein Zitat von Albert Einstein: \u201eDie Dummheit der Menschen und das Universum sind unendlich. Beim Universum bin ich mir aber noch nicht sicher.\u201c<\/p>\n<p style=\"text-align: justify;\">Mit der AfD, speziell mit dem sog. \u201eFl\u00fcgel\u201c, ist braunes, rechtsradikales Gedankengut wieder popul\u00e4r geworden. Aber schon unser Berufsbild als Zahn\u00e4rzte, unser Berufsethos verpflichtet uns zu Toleranz anderen Menschen gegen\u00fcber, gleich welcher Herkunft und welcher Hautfarbe. Wer diese Toleranz nicht achtet, wer Hass, Misstrauen und \u00c4ngste gegen diese Menschen sch\u00fcrt, kann nicht unser Verb\u00fcndeter sein!<\/p>\n<p style=\"text-align: justify;\">\u201eDas wird man ja noch sagen d\u00fcrfen\u2026\u201c, ja, darf man, aber dann muss auch dementsprechende Kritik und heftigster Widerspruch von Seiten unserer Verb\u00e4nde kommen. Mit diesen Kollegen will ich jedenfalls nichts mehr zu tun haben und mit einer Partei, die Rechtsradikalen und Extremisten in den eigenen Reihen nicht Einhalt gebietet, erst recht nicht!<\/p>\n<p>Dr. J\u00f6rg-Peter Husemann<\/p>\n<p>Quelle: <a href=\"https:\/\/www.zahnaerzteverband-berlin.de\/download\/884\/\" target=\"_blank\" rel=\"noopener noreferrer\">Berliner Zahn\u00e4rzte Zeitung<\/a>, Ausgabe 09\/10 2019, Seite 11<br \/>\nHerr Dr. Husemann ist <a href=\"https:\/\/www.kzv-berlin.de\/kzv-berlin\/organe-und-struktur\/vorstand\/\" target=\"_blank\" rel=\"noopener noreferrer\">stellvertretender Vorstandsvorsitzender<\/a> der KZV Berlin und dort u.a. f\u00fcr das Ressort &#8222;\u00d6ffentlichkeitsarbeit&#8220; zust\u00e4ndig.<\/p><\/blockquote>\n<p>&nbsp;<\/p>\n<p>Trotz unserer <a href=\"https:\/\/iuzb.de\/?p=27920\" target=\"_blank\" rel=\"noopener noreferrer\">Kritik<\/a>,<\/p>\n<ul>\n<li><span style=\"font-size: 14pt;\"><strong>die IUZB teilt diesen Weckruf!<\/strong><\/span><\/li>\n<\/ul>\n<p>&nbsp;<\/p>\n<p><strong><img loading=\"lazy\" decoding=\"async\" class=\"alignleft wp-image-16500 size-full\" src=\"https:\/\/iuzb.de\/wp-content\/uploads\/2013\/08\/Gerhard-Gneist-klein-150.jpg\" alt=\"\" width=\"150\" height=\"200\" \/><\/strong><\/p>\n<p>&nbsp;<\/p>\n<p>&nbsp;<\/p>\n<p><strong>Gerhard Gneist<\/strong><br \/>\n&#8211; Vertreter KZV Berlin<br \/>\n&#8211; Delegierter Z\u00c4K Berlin<br \/>\n&#8211; 1. Vorsitzender IUZB e.V.<\/p>\n","protected":false},"excerpt":{"rendered":"<p>Die AfD in unserem Berufsstand Erst k\u00fcrzlich wurde bei einem B\u00fcrgerdialog mit Angela Merkel von einem AfD-Politiker unterstellt, die Kanzlerin habe Deutschland in eine Diktatur gef\u00fchrt. Als AfDler k\u00f6nne man [&#8230;]<\/p>\n","protected":false},"author":8,"featured_media":27942,"comment_status":"open","ping_status":"closed","sticky":false,"template":"","format":"standard","meta":{"ngg_post_thumbnail":0,"iawp_total_views":7,"footnotes":""},"categories":[140,242,45,95,47,46,123],"tags":[],"class_list":["post-27932","post","type-post","status-publish","format-standard","has-post-thumbnail","hentry","category-fvdz","category-infobriefe","category-kzv-berlin","category-vdzvb","category-versorgungswerk-vzb","category-zahnaerztekammer-berlin","category-zahngeschichte"],"_links":{"self":[{"href":"https:\/\/iuzb.de\/index.php?rest_route=\/wp\/v2\/posts\/27932","targetHints":{"allow":["GET"]}}],"collection":[{"href":"https:\/\/iuzb.de\/index.php?rest_route=\/wp\/v2\/posts"}],"about":[{"href":"https:\/\/iuzb.de\/index.php?rest_route=\/wp\/v2\/types\/post"}],"author":[{"embeddable":true,"href":"https:\/\/iuzb.de\/index.php?rest_route=\/wp\/v2\/users\/8"}],"replies":[{"embeddable":true,"href":"https:\/\/iuzb.de\/index.php?rest_route=%2Fwp%2Fv2%2Fcomments&post=27932"}],"version-history":[{"count":10,"href":"https:\/\/iuzb.de\/index.php?rest_route=\/wp\/v2\/posts\/27932\/revisions"}],"predecessor-version":[{"id":27950,"href":"https:\/\/iuzb.de\/index.php?rest_route=\/wp\/v2\/posts\/27932\/revisions\/27950"}],"wp:featuredmedia":[{"embeddable":true,"href":"https:\/\/iuzb.de\/index.php?rest_route=\/wp\/v2\/media\/27942"}],"wp:attachment":[{"href":"https:\/\/iuzb.de\/index.php?rest_route=%2Fwp%2Fv2%2Fmedia&parent=27932"}],"wp:term":[{"taxonomy":"category","embeddable":true,"href":"https:\/\/iuzb.de\/index.php?rest_route=%2Fwp%2Fv2%2Fcategories&post=27932"},{"taxonomy":"post_tag","embeddable":true,"href":"https:\/\/iuzb.de\/index.php?rest_route=%2Fwp%2Fv2%2Ftags&post=27932"}],"curies":[{"name":"wp","href":"https:\/\/api.w.org\/{rel}","templated":true}]}}