{"id":27764,"date":"2019-09-18T19:05:10","date_gmt":"2019-09-18T17:05:10","guid":{"rendered":"http:\/\/iuzb.de\/?p=27764"},"modified":"2019-09-18T19:09:31","modified_gmt":"2019-09-18T17:09:31","slug":"telematik-dsk-positioniert-sich-zur-verantwortlichkeit-in-der-ti","status":"publish","type":"post","link":"https:\/\/iuzb.de\/?p=27764","title":{"rendered":"Telematik: DSK positioniert sich zur Verantwortlichkeit in der TI"},"content":{"rendered":"<p>dzw, 13.09.2019:<\/p>\n<p><a href=\"https:\/\/www.dzw.de\/dsk-zur-verantwortlichkeit-der-ti\" target=\"_blank\" rel=\"noopener noreferrer\">DSK positioniert sich zur Verantwortlichkeit in der TI<\/a><\/p>\n<p><span style=\"color: #ffffff;\">.<\/span><\/p>\n<p><span style=\"color: #ffffff;\">.<\/span><\/p>\n<p><span style=\"text-decoration: underline;\">Weiterf\u00fchrend:<\/span><\/p>\n<p>&nbsp;<\/p>\n<p><span style=\"text-decoration: underline;\"><strong><a href=\"https:\/\/www.datenschutz-berlin.de\/fileadmin\/user_upload\/pdf\/publikationen\/DSK\/2019\/2019-DSK-Beschluss_gematik_datenschutzrechtliche_Verantwortlichkeit.pdf\" target=\"_blank\" rel=\"noopener noreferrer\">Beschluss<\/a> der Konferenz der unabh\u00e4ngigen Datenschutzaufsichtsbeh\u00f6rden des Bundes und der L\u00e4nder &#8211; 12.09.2019<\/strong><\/span><\/p>\n<p><strong>Die Datenschutzkonferenz vertritt zur Frage der datenschutzrechtlichen Verantwortlichkeit innerhalb der Telematik-Infrastruktur nach <a href=\"https:\/\/www.sozialgesetzbuch-sgb.de\/sgbv\/291a.html\" target=\"_blank\" rel=\"noopener noreferrer\">\u00a7 291a<\/a> Abs. 7 SGB V folgende Auffassung:<\/strong><\/p>\n<p>Die Gesellschaft f\u00fcr Telematikanwendungen der Gesundheitskarte mbH (gematik) ist<\/p>\n<ol style=\"list-style-type: lower-alpha;\">\n<li>datenschutzrechtlich alleinverantwortlich f\u00fcr die zentrale Zone der TI (\u201eTI-Plattform Zone zentral\u201c) sowie<br \/>\n<span style=\"color: #ffffff;\">.<\/span><\/li>\n<li>im Sinne des <a href=\"https:\/\/dsgvo-gesetz.de\/art-26-dsgvo\/\" target=\"_blank\" rel=\"noopener noreferrer\">Artikel 26<\/a> DSGVO datenschutzrechtlich mitverantwortlich f\u00fcr die dezentrale Zone der TI (\u201eTI-Plattform Zone dezentral\u201c). Der Umfang der Verantwortung der gematik f\u00fcr die dezentrale Zone der Telematik-Infrastruktur bedarf einer gesetzlichen Regelung. Die gematik ist verantwortlich f\u00fcr die Verarbeitung, insbesondere soweit sie durch die von ihr vorgegebenen Spezifikationen und Konfigurationen f\u00fcr die Konnektoren, VPN-Zugangsdienste und Kartenterminals bestimmt ist.<\/li>\n<\/ol>\n","protected":false},"excerpt":{"rendered":"<p>dzw, 13.09.2019: DSK positioniert sich zur Verantwortlichkeit in der TI . . Weiterf\u00fchrend: &nbsp; Beschluss der Konferenz der unabh\u00e4ngigen Datenschutzaufsichtsbeh\u00f6rden des Bundes und der L\u00e4nder &#8211; 12.09.2019 Die Datenschutzkonferenz vertritt [&#8230;]<\/p>\n","protected":false},"author":13,"featured_media":0,"comment_status":"open","ping_status":"closed","sticky":false,"template":"","format":"standard","meta":{"ngg_post_thumbnail":0,"iawp_total_views":0,"footnotes":""},"categories":[252],"tags":[],"class_list":["post-27764","post","type-post","status-publish","format-standard","hentry","category-telematik"],"_links":{"self":[{"href":"https:\/\/iuzb.de\/index.php?rest_route=\/wp\/v2\/posts\/27764","targetHints":{"allow":["GET"]}}],"collection":[{"href":"https:\/\/iuzb.de\/index.php?rest_route=\/wp\/v2\/posts"}],"about":[{"href":"https:\/\/iuzb.de\/index.php?rest_route=\/wp\/v2\/types\/post"}],"author":[{"embeddable":true,"href":"https:\/\/iuzb.de\/index.php?rest_route=\/wp\/v2\/users\/13"}],"replies":[{"embeddable":true,"href":"https:\/\/iuzb.de\/index.php?rest_route=%2Fwp%2Fv2%2Fcomments&post=27764"}],"version-history":[{"count":5,"href":"https:\/\/iuzb.de\/index.php?rest_route=\/wp\/v2\/posts\/27764\/revisions"}],"predecessor-version":[{"id":27776,"href":"https:\/\/iuzb.de\/index.php?rest_route=\/wp\/v2\/posts\/27764\/revisions\/27776"}],"wp:attachment":[{"href":"https:\/\/iuzb.de\/index.php?rest_route=%2Fwp%2Fv2%2Fmedia&parent=27764"}],"wp:term":[{"taxonomy":"category","embeddable":true,"href":"https:\/\/iuzb.de\/index.php?rest_route=%2Fwp%2Fv2%2Fcategories&post=27764"},{"taxonomy":"post_tag","embeddable":true,"href":"https:\/\/iuzb.de\/index.php?rest_route=%2Fwp%2Fv2%2Ftags&post=27764"}],"curies":[{"name":"wp","href":"https:\/\/api.w.org\/{rel}","templated":true}]}}