{"id":27676,"date":"2019-09-18T10:23:05","date_gmt":"2019-09-18T08:23:05","guid":{"rendered":"http:\/\/iuzb.de\/?p=27676"},"modified":"2020-12-01T21:13:55","modified_gmt":"2020-12-01T20:13:55","slug":"kzv-berlin-der-kampf-um-das-das-geld-fuer-den-vorstand-geht-weiter-naechste-runde-ist-am-25-11-2019","status":"publish","type":"post","link":"https:\/\/iuzb.de\/?p=27676","title":{"rendered":"KZV Berlin: &#8222;Der Kampf um das Geld&#8220; f\u00fcr den Vorstand geht weiter &#8211; n\u00e4chste Runde ist am 25.11.2019"},"content":{"rendered":"<p>Am <a href=\"https:\/\/iuzb.de\/?p=27580\" target=\"_blank\" rel=\"noopener noreferrer\">09. September<\/a> hatte die <strong>Vertreterversammlung<\/strong> aus der Diskussion um den TOP 8 &#8222;<a href=\"https:\/\/iuzb.de\/?p=27269\" target=\"_blank\" rel=\"noopener noreferrer\">LSG Urteil<\/a>&#8220; heraus in geheimer Abstimmung den <strong>Beschluss<\/strong> gefasst, die bis dahin unbegr\u00fcndete und nur formal eingelegte <strong>Beschwerde gegen die Nichtzulassung der Revision<\/strong> gegen das Urteil des Landessozialgerichts Berlin-Brandenburg <strong>beim Bundessozialgericht<\/strong> in Sachen &#8222;<em>\u00dcbergangsgeld<\/em>&#8220; (oder wie immer versucht wird es (um)zu benennen) <strong>nicht zur\u00fcckzunehmen<\/strong>, also das Verfahren durchzuf\u00fchren.<\/p>\n<p>Eine Begr\u00fcndung daf\u00fcr muss bis morgen beim BSG eingereicht werden, am 09.09 gab es dar\u00fcber laut dem KZV-Gesch\u00e4ftsf\u00fchrer seitens der KZV Anw\u00e4lte noch nicht einmal eine Entwurfsformulierung, aber der Gesch\u00e4ftsf\u00fchrer ging in der Vertreterversammlung fest von einer Rechtsfehlerhaftigkeit des Urteils aus und brachte auch seinen pers\u00f6nlichen \u00c4rger \u00fcber das Urteil und dem Vorsitzenden LSG Richter zum Ausdruck.<\/p>\n<p>Urspr\u00fcnglich hatte der Vertreter Peter Scharf von der Fraktion Gesundheit beantragt, die Nichtzulassungsbeschwerde zur\u00fcckzuziehen. Dem wollte die Mehrheit um den Verband der Zahn\u00e4rzte von Berlin aber nicht folgen und so sprach sich <a href=\"https:\/\/www.zahnaerzteverband-berlin.de\/wir-ueber-uns\/vorstand-und-dv\/\" target=\"_blank\" rel=\"noopener noreferrer\">dessen Vorsitzender<\/a>, der Vertreter Andreas M\u00fcller-Reichenwallner, gegen diesen Antrag aus, verbunden wohl eben mit den Hauptziel, den (ehemaligen) Vorst\u00e4nden &#8222;<em>Das Geld<\/em>&#8220; zukommen zu lassen. Die Mehrheit folgte dann mit 16 Ja : 19 Nein und 1 Enthaltung dieser Verbandsempfehlung.<\/p>\n<p>Der VV-Beschluss hatte jedoch praktisch zur Folge, dass der Tagesordnungspunkt 9 &#8222;Vorstands-Dienstvertr\u00e4ge&#8220; nun nicht mehr behandelt werden konnte. Diesen Umstand hatten die Bef\u00fcrworter der &#8222;<em>Geldleistung<\/em>&#8220; bei der Abstimmung aber nicht realisiert und Herr Reichenwallner konsternierte verbl\u00fcfft: &#8222;<em>Verfahrens-Gag!&#8220;<\/em>. So stellte also zun\u00e4chst der Vertreter Frank Bloch von der IUZB den Antrag, den TOP 9 von der Tagesordnung zu nehmen und weil dies nach der Gesch\u00e4ftsordnung nicht geht, wurde (insbesondere auch) f\u00fcr den TOP 9 letztendlich auf Antrag des Vertreters Peter Scharf mit 18 Ja : 17 Nein und 1 Enthaltung der <a href=\"https:\/\/iuzb.de\/?p=27580\" target=\"_blank\" rel=\"noopener noreferrer\">Beschluss auf Vertagung gefasst<\/a>.<\/p>\n<p>Nun h\u00e4tte man eigentlich annehmen m\u00fcssen, dass zun\u00e4chst also nach den beiden VV Beschl\u00fcssen das Nichtzulassungsbschwerdeverfahren vor dem BSG durchgef\u00fchrt und abgewartet wird, was das Bundessozialgericht dazu feststellt. Nichtzulassungsbeschwerdeverfahren werden in <a href=\"https:\/\/www.bsg.bund.de\/SharedDocs\/Pressemitteilungen\/DE\/2018\/2018_04.html\" target=\"_blank\" rel=\"noopener noreferrer\">durchschnittlich 3,6 Monaten<\/a> einer Entscheidung zugef\u00fchrt. In diesem Fall also vielleicht im Januar 2020?<\/p>\n<p>Aber so ist es m\u00f6glicherweise nicht! Und wen wundert es? Hatte der <a href=\"https:\/\/www.kzv-berlin.de\/kzv-berlin\/organe-und-struktur\/vorstand\/\" target=\"_blank\" rel=\"noopener noreferrer\">KZV Vorstandsvorsitzende,<\/a> Dr. J\u00f6rg Meyer, doch nach (!) dem ersten Beschluss erkl\u00e4rt, dass die Meinung der Vertreterversammlung dazu &#8222;egal&#8220; ist und die Nichtzulassungsbeschwerde in jedem Fall zur\u00fcckgezogen werden wird. Ob das nun tats\u00e4chlich so vollzogen wird, ist hier nicht bekannt, aber die Vermutung entsteht, denn:<\/p>\n<p>Bereits am 25. November soll sich die Vertreterversammlung nun schon wieder mit dem TOP 9\u00a0 &#8222;Dienstvertr\u00e4ge des Vorstandes I und II&#8220; (also &#8222;<em>Dem Geld&#8220;<\/em>) befassen:<\/p>\n<p><span style=\"text-decoration: underline;\"><strong>Einladung zur Vertreterversammlung am Montag, 25. November 2019<\/strong><\/span><\/p>\n<p><a href=\"https:\/\/iuzb.de\/wp-content\/uploads\/2019\/09\/2019-09-17-Einladung-VV-am-25.11.2019.jpg\" target=\"_blank\" rel=\"noopener noreferrer\"><img loading=\"lazy\" decoding=\"async\" class=\"alignnone size-full wp-image-27716\" src=\"https:\/\/iuzb.de\/wp-content\/uploads\/2019\/09\/2019-09-17-Einladung-VV-am-25.11.2019.jpg\" alt=\"\" width=\"985\" height=\"408\" srcset=\"https:\/\/iuzb.de\/wp-content\/uploads\/2019\/09\/2019-09-17-Einladung-VV-am-25.11.2019.jpg 985w, https:\/\/iuzb.de\/wp-content\/uploads\/2019\/09\/2019-09-17-Einladung-VV-am-25.11.2019-290x120.jpg 290w, https:\/\/iuzb.de\/wp-content\/uploads\/2019\/09\/2019-09-17-Einladung-VV-am-25.11.2019-450x186.jpg 450w, https:\/\/iuzb.de\/wp-content\/uploads\/2019\/09\/2019-09-17-Einladung-VV-am-25.11.2019-768x318.jpg 768w\" sizes=\"auto, (max-width: 985px) 100vw, 985px\" \/><\/a><\/p>\n<p>&nbsp;<\/p>\n","protected":false},"excerpt":{"rendered":"<p>Am 09. September hatte die Vertreterversammlung aus der Diskussion um den TOP 8 &#8222;LSG Urteil&#8220; heraus in geheimer Abstimmung den Beschluss gefasst, die bis dahin unbegr\u00fcndete und nur formal eingelegte [&#8230;]<\/p>\n","protected":false},"author":13,"featured_media":27777,"comment_status":"open","ping_status":"closed","sticky":false,"template":"","format":"standard","meta":{"ngg_post_thumbnail":0,"iawp_total_views":12,"footnotes":""},"categories":[98,242,45,97,237],"tags":[],"class_list":["post-27676","post","type-post","status-publish","format-standard","has-post-thumbnail","hentry","category-diaeten-kzv","category-infobriefe","category-kzv-berlin","category-vertreterversammlung-kzv-berlin","category-vorstand-kzv"],"_links":{"self":[{"href":"https:\/\/iuzb.de\/index.php?rest_route=\/wp\/v2\/posts\/27676","targetHints":{"allow":["GET"]}}],"collection":[{"href":"https:\/\/iuzb.de\/index.php?rest_route=\/wp\/v2\/posts"}],"about":[{"href":"https:\/\/iuzb.de\/index.php?rest_route=\/wp\/v2\/types\/post"}],"author":[{"embeddable":true,"href":"https:\/\/iuzb.de\/index.php?rest_route=\/wp\/v2\/users\/13"}],"replies":[{"embeddable":true,"href":"https:\/\/iuzb.de\/index.php?rest_route=%2Fwp%2Fv2%2Fcomments&post=27676"}],"version-history":[{"count":32,"href":"https:\/\/iuzb.de\/index.php?rest_route=\/wp\/v2\/posts\/27676\/revisions"}],"predecessor-version":[{"id":28053,"href":"https:\/\/iuzb.de\/index.php?rest_route=\/wp\/v2\/posts\/27676\/revisions\/28053"}],"wp:featuredmedia":[{"embeddable":true,"href":"https:\/\/iuzb.de\/index.php?rest_route=\/wp\/v2\/media\/27777"}],"wp:attachment":[{"href":"https:\/\/iuzb.de\/index.php?rest_route=%2Fwp%2Fv2%2Fmedia&parent=27676"}],"wp:term":[{"taxonomy":"category","embeddable":true,"href":"https:\/\/iuzb.de\/index.php?rest_route=%2Fwp%2Fv2%2Fcategories&post=27676"},{"taxonomy":"post_tag","embeddable":true,"href":"https:\/\/iuzb.de\/index.php?rest_route=%2Fwp%2Fv2%2Ftags&post=27676"}],"curies":[{"name":"wp","href":"https:\/\/api.w.org\/{rel}","templated":true}]}}