{"id":27659,"date":"2019-09-15T16:54:18","date_gmt":"2019-09-15T14:54:18","guid":{"rendered":"http:\/\/iuzb.de\/?p=27659"},"modified":"2019-09-15T17:15:14","modified_gmt":"2019-09-15T15:15:14","slug":"bundesrat-lehnt-verschaerfung-der-kuerzung-der-aerztlichen-verguetung-auf-25-fuer-nicht-an-die-telematikinfrastruktur-angeschlossene-zahn-aerztinnen-und-psychotherapeutinnen-ab","status":"publish","type":"post","link":"https:\/\/iuzb.de\/?p=27659","title":{"rendered":"Bundesrat lehnt Versch\u00e4rfung der K\u00fcrzung der \u00e4rztlichen Verg\u00fctung auf 2,5 Prozent f\u00fcr nicht an die Telematikinfrastruktur angeschlossene Praxen ab"},"content":{"rendered":"<p>Patientenrechte und Datenschutz e.V., 10.09.2019:<\/p>\n<blockquote class=\"wp-embedded-content\" data-secret=\"ZkAY5nyjhk\"><p><a href=\"https:\/\/patientenrechte-datenschutz.de\/2019\/09\/10\/bundesrat-lehnt-verschaerfung-der-kuerzung-der-aerztlichen-verguetung-auf-25-fuer-nicht-an-die-telematikinfrastruktur-angeschlossene-zahn-aerztinnen-und-psychotherapeutinnen-ab\/\">Bundesrat lehnt Versch\u00e4rfung der K\u00fcrzung der \u00e4rztlichen Verg\u00fctung auf 2,5 % f\u00fcr nicht an die Telematikinfrastruktur angeschlossene (Zahn-)\u00c4rzt*innen und Psychotherapeut*innen ab<\/a><\/p><\/blockquote>\n<p><iframe loading=\"lazy\" title=\"&#8222;Bundesrat lehnt Versch\u00e4rfung der K\u00fcrzung der \u00e4rztlichen Verg\u00fctung auf 2,5 % f\u00fcr nicht an die Telematikinfrastruktur angeschlossene (Zahn-)\u00c4rzt*innen und Psychotherapeut*innen ab&#8220; &#8212; patientenrechte-datenschutz.de\" class=\"wp-embedded-content\" sandbox=\"allow-scripts\" security=\"restricted\" style=\"position: absolute; clip: rect(1px, 1px, 1px, 1px);\" src=\"https:\/\/patientenrechte-datenschutz.de\/2019\/09\/10\/bundesrat-lehnt-verschaerfung-der-kuerzung-der-aerztlichen-verguetung-auf-25-fuer-nicht-an-die-telematikinfrastruktur-angeschlossene-zahn-aerztinnen-und-psychotherapeutinnen-ab\/embed\/#?secret=ZkAY5nyjhk\" data-secret=\"ZkAY5nyjhk\" width=\"600\" height=\"338\" frameborder=\"0\" marginwidth=\"0\" marginheight=\"0\" scrolling=\"no\"><\/iframe><\/p>\n<p>Urquelle: Bundesrat, <a href=\"https:\/\/www.bundesrat.de\/SharedDocs\/drucksachen\/2019\/0301-0400\/360-1-19.pdf?__blob=publicationFile&amp;v=1\" target=\"_blank\" rel=\"noopener noreferrer\">Drucksache 360\/1\/19<\/a> vom 06.09.2019, Seite 21<\/p>\n<p>&nbsp;<\/p>\n","protected":false},"excerpt":{"rendered":"<p>Patientenrechte und Datenschutz e.V., 10.09.2019: Bundesrat lehnt Versch\u00e4rfung der K\u00fcrzung der \u00e4rztlichen Verg\u00fctung auf 2,5 % f\u00fcr nicht an die Telematikinfrastruktur angeschlossene (Zahn-)\u00c4rzt*innen und Psychotherapeut*innen ab Urquelle: Bundesrat, Drucksache 360\/1\/19 [&#8230;]<\/p>\n","protected":false},"author":13,"featured_media":0,"comment_status":"open","ping_status":"closed","sticky":false,"template":"","format":"standard","meta":{"ngg_post_thumbnail":0,"iawp_total_views":1,"footnotes":""},"categories":[252],"tags":[],"class_list":["post-27659","post","type-post","status-publish","format-standard","hentry","category-telematik"],"_links":{"self":[{"href":"https:\/\/iuzb.de\/index.php?rest_route=\/wp\/v2\/posts\/27659","targetHints":{"allow":["GET"]}}],"collection":[{"href":"https:\/\/iuzb.de\/index.php?rest_route=\/wp\/v2\/posts"}],"about":[{"href":"https:\/\/iuzb.de\/index.php?rest_route=\/wp\/v2\/types\/post"}],"author":[{"embeddable":true,"href":"https:\/\/iuzb.de\/index.php?rest_route=\/wp\/v2\/users\/13"}],"replies":[{"embeddable":true,"href":"https:\/\/iuzb.de\/index.php?rest_route=%2Fwp%2Fv2%2Fcomments&post=27659"}],"version-history":[{"count":3,"href":"https:\/\/iuzb.de\/index.php?rest_route=\/wp\/v2\/posts\/27659\/revisions"}],"predecessor-version":[{"id":27674,"href":"https:\/\/iuzb.de\/index.php?rest_route=\/wp\/v2\/posts\/27659\/revisions\/27674"}],"wp:attachment":[{"href":"https:\/\/iuzb.de\/index.php?rest_route=%2Fwp%2Fv2%2Fmedia&parent=27659"}],"wp:term":[{"taxonomy":"category","embeddable":true,"href":"https:\/\/iuzb.de\/index.php?rest_route=%2Fwp%2Fv2%2Fcategories&post=27659"},{"taxonomy":"post_tag","embeddable":true,"href":"https:\/\/iuzb.de\/index.php?rest_route=%2Fwp%2Fv2%2Ftags&post=27659"}],"curies":[{"name":"wp","href":"https:\/\/api.w.org\/{rel}","templated":true}]}}