{"id":27580,"date":"2019-09-09T23:51:47","date_gmt":"2019-09-09T21:51:47","guid":{"rendered":"http:\/\/iuzb.de\/?p=27580"},"modified":"2019-12-20T12:46:02","modified_gmt":"2019-12-20T11:46:02","slug":"live-ticker-aus-der-kzv-vv-live-ticker-aus-der-kzv-vv-live-ticker-aus-der-kzv-vv","status":"publish","type":"post","link":"https:\/\/iuzb.de\/?p=27580","title":{"rendered":".-.-.-.-.-Live-Ticker aus der KZV VV -.-.-.-.-.-.Live-Ticker aus der KZV VV.-.-.-.-.-Live-Ticker aus der KZV VV.-.-.-.-.-"},"content":{"rendered":"<p>Hier f\u00fcr alle Nachteulen und Fr\u00fchaufsteher ein schneller Kurzbericht der IUZB Fraktion aus der heutigen VV (<a href=\"https:\/\/iuzb.de\/?p=27475\" target=\"_blank\" rel=\"noopener noreferrer\">Tagesordnung<\/a>):<\/p>\n<p>&nbsp;<\/p>\n<p><span style=\"text-decoration: underline;\">TOP 5: <strong>Bericht des Vorstandes<\/strong><\/span><\/p>\n<ul>\n<li>Kosten f\u00fcr LSG 61.865,31 Euro &#8211; davon ca. 7000.- Euro Gerichtskosten: Beitragsgelder!<\/li>\n<li>Stundens\u00e4tze der Rechtsanw\u00e4lte sollen nachgereicht werden.<\/li>\n<\/ul>\n<p>&nbsp;<\/p>\n<p><span style=\"text-decoration: underline;\">TOP 7\/2: <strong>Antrag der IUZB Resolution \u201eZahn\u00e4rzte gegen zentrale Speicherung von Gesundheitsdaten\u201c<\/strong><\/span><\/p>\n<ul>\n<li><a href=\"https:\/\/iuzb.de\/?p=27290\" target=\"_blank\" rel=\"noopener noreferrer\">Resolution der IUZB<\/a> nach Streichung des vollst\u00e4ndigen Absatzes: Eine Alternative zur Anbindung &#8230; <strong>einstimmig angenommen!<\/strong><\/li>\n<\/ul>\n<p>&nbsp;<\/p>\n<p><span style=\"text-decoration: underline;\">TOP 8: <strong>LSG-Urteil<\/strong><\/span><\/p>\n<ul>\n<li>VV Vorsitzender Dr. Schleithoff wurde nicht zur Nichtzulassungsbeschwerde informiert &#8230;<br \/>\n<span style=\"color: #ffffff;\">.<\/span><\/li>\n<li>Antrag Scharf (Fraktion Gesundheit) auf Ablehnung der Nichtzulassungbeschwerde beim BSG<br \/>\nmit 16 Ja \u2013 19 Nein &#8211; 1 Enthaltung<br \/>\nabgelehnt &#8211; d.h., sie d\u00fcrfen es weiter verfolgen &#8230;<br \/>\n<span style=\"color: #ffffff;\">.<\/span><\/li>\n<li>Die Frist zur Begr\u00fcndung des Antrages geht bis zum 19.09., jetzt muss jetzt der Antrag begr\u00fcndet werden! &#8211; 10 Tage Zeit<br \/>\n<span style=\"color: #ffffff;\">.<\/span><\/li>\n<li><a href=\"https:\/\/www.kzv-berlin.de\/kzv-berlin\/organe-und-struktur\/vorstand\/\" target=\"_blank\" rel=\"noopener noreferrer\">Vorstandsvorsitzender Dr. Meyer<\/a> m\u00f6chte eigentlich nicht weiter &#8230;<br \/>\nPS. Dr. Meyer hat mehrfach gesagt, dass sie den Antrag auf Nichtzulassung der Revision so oder so zur\u00fcckgezogen h\u00e4tten. Egal wie die Abstimmung dar\u00fcber ausgegangen w\u00e4re. Dies sagte er nat\u00fcrlich erst nach Abstimmung \u00fcber den Antrag.<br \/>\n<span style=\"color: #ffffff;\">.<\/span><\/li>\n<li>Eine F\u00fchrungskraft verging sich gegen\u00fcber dem Vorsitzenden Richter des Landessozialgerichts Berlin-Brandenburg leider im Ton.<br \/>\n<span style=\"color: #ffffff;\">.<\/span><\/li>\n<li><span style=\"color: #ff0000;\">An dieser Stelle daher Dank der IUZB an die Senatsverwaltung und das Landessozialgericht, die hier neutral und durchaus im Sinne unserer Selbstverwaltung ihre Arbeit machen!<\/span><\/li>\n<\/ul>\n<p>&nbsp;<\/p>\n<p><span style=\"text-decoration: underline;\">TOP 9: \u00a0<strong>Dienstvertr\u00e4ge<\/strong><\/span><\/p>\n<ul>\n<li><strong>Antrag auf Vertagung der Sitzung<\/strong> <strong>durch<\/strong> <strong>Frank Bloch (IUZB) angenommen<\/strong> mit 18 Ja &#8211; 17 Nein &#8211; 1 Enthaltung !<br \/>\nPS: Antrag wurde schlussendlich von <strong>Peter Scharf (Fraktion Gesundheit)<\/strong> gestellt. Alle vorigen Antr\u00e4ge von F.B. waren nicht gesch\u00e4ftsordnungskonform, zielten aber in die gleiche Richtung.<\/li>\n<\/ul>\n<p>&nbsp;<\/p>\n","protected":false},"excerpt":{"rendered":"<p>Hier f\u00fcr alle Nachteulen und Fr\u00fchaufsteher ein schneller Kurzbericht der IUZB Fraktion aus der heutigen VV (Tagesordnung): &nbsp; TOP 5: Bericht des Vorstandes Kosten f\u00fcr LSG 61.865,31 Euro &#8211; davon [&#8230;]<\/p>\n","protected":false},"author":13,"featured_media":27672,"comment_status":"open","ping_status":"closed","sticky":false,"template":"","format":"standard","meta":{"ngg_post_thumbnail":0,"iawp_total_views":11,"footnotes":""},"categories":[98,45,97],"tags":[],"class_list":["post-27580","post","type-post","status-publish","format-standard","has-post-thumbnail","hentry","category-diaeten-kzv","category-kzv-berlin","category-vertreterversammlung-kzv-berlin"],"_links":{"self":[{"href":"https:\/\/iuzb.de\/index.php?rest_route=\/wp\/v2\/posts\/27580","targetHints":{"allow":["GET"]}}],"collection":[{"href":"https:\/\/iuzb.de\/index.php?rest_route=\/wp\/v2\/posts"}],"about":[{"href":"https:\/\/iuzb.de\/index.php?rest_route=\/wp\/v2\/types\/post"}],"author":[{"embeddable":true,"href":"https:\/\/iuzb.de\/index.php?rest_route=\/wp\/v2\/users\/13"}],"replies":[{"embeddable":true,"href":"https:\/\/iuzb.de\/index.php?rest_route=%2Fwp%2Fv2%2Fcomments&post=27580"}],"version-history":[{"count":15,"href":"https:\/\/iuzb.de\/index.php?rest_route=\/wp\/v2\/posts\/27580\/revisions"}],"predecessor-version":[{"id":27614,"href":"https:\/\/iuzb.de\/index.php?rest_route=\/wp\/v2\/posts\/27580\/revisions\/27614"}],"wp:featuredmedia":[{"embeddable":true,"href":"https:\/\/iuzb.de\/index.php?rest_route=\/wp\/v2\/media\/27672"}],"wp:attachment":[{"href":"https:\/\/iuzb.de\/index.php?rest_route=%2Fwp%2Fv2%2Fmedia&parent=27580"}],"wp:term":[{"taxonomy":"category","embeddable":true,"href":"https:\/\/iuzb.de\/index.php?rest_route=%2Fwp%2Fv2%2Fcategories&post=27580"},{"taxonomy":"post_tag","embeddable":true,"href":"https:\/\/iuzb.de\/index.php?rest_route=%2Fwp%2Fv2%2Ftags&post=27580"}],"curies":[{"name":"wp","href":"https:\/\/api.w.org\/{rel}","templated":true}]}}