{"id":27475,"date":"2019-08-22T22:31:51","date_gmt":"2019-08-22T20:31:51","guid":{"rendered":"http:\/\/iuzb.de\/?p=27475"},"modified":"2020-12-01T21:17:33","modified_gmt":"2020-12-01T20:17:33","slug":"09-09-2019-einladung-zur-vertreterversammlung-der-kzv-berlin-jetzt-kommt-die-neue-extrarente","status":"publish","type":"post","link":"https:\/\/iuzb.de\/?p=27475","title":{"rendered":"09.09.2019: Einladung zur Vertreterversammlung der KZV Berlin &#8211; Jetzt kommt die neue &#8222;Extrarente&#8220;"},"content":{"rendered":"<p style=\"text-align: left;\"><strong>Weiterhin <a href=\"https:\/\/iuzb.de\/wp-content\/uploads\/2019\/08\/2019-08-22-Einladung-VV-mit-Anlagen-Anlage-8-und-9.pdf\" target=\"_blank\" rel=\"noopener noreferrer\">96.000 \u20ac<\/a>, <\/strong>statt &#8222;\u00dcbergangsgeld&#8220; jetzt &#8222;Aufbau einer zus\u00e4tzlichen Altersversorgung&#8220; f\u00fcr das ehemalige KZV Berlin-Vorstandsmitglied und dem jetzigen <a href=\"https:\/\/www.kzbv.de\/dr-karl-georg-pochhammer.1129.de.html\" target=\"_blank\" rel=\"noopener noreferrer\">stellvertretenden Vorsitzenden der KZBV<\/a>, Herrn Dr. Pochhammer.<\/p>\n<p><span style=\"text-decoration: underline;\">Weiterf\u00fchrend:<\/span><br \/>\n<a href=\"https:\/\/iuzb.de\/?p=26507\" target=\"_blank\" rel=\"noopener noreferrer\">Unser Verhandlungsbericht<\/a> vom 11.04.2019:<\/p>\n<blockquote><p>Trotzdem konnte die Klage keinen Erfolg haben, weil die von der Zustimmung ausgenommenen Vertragsklauseln nicht zustimmungs- und genehmigungsf\u00e4hig gewesen sind, weil<\/p>\n<p>1. die Regelungen hauptamtliche Dienstzeiten <span style=\"text-decoration: underline;\">vor<\/span> Beginn des Vertrages mit einbeziehen sollten, was dem Gebot von Wirtschaftlichkeit und Sparsamkeit widerspricht, und<\/p>\n<p>2. ein neues Altersruhegeld vorherige \u00dcbergangsgeldleistungen ersetzen sollte. Darin liegt aber ein Formenmissbrauch, weil zwar ein \u00dcbergangsgeld als solches denkbar und m\u00f6glich w\u00e4re, dass aber nicht in ein Altersruhegeld, Altersbez\u00fcge oder eine Altersversorgung umgewandelt werden kann, <span style=\"text-decoration: underline;\">weil das etwas ganz anderes ist<\/span> und <span style=\"text-decoration: underline;\">einem ganz anderem Zweck dient<\/span>.<\/p><\/blockquote>\n<p>&nbsp;<\/p>\n<p style=\"text-align: left;\">========================================================<\/p>\n<p>&nbsp;<\/p>\n<ul>\n<li>Montag, 09. September 2019<\/li>\n<li>19:00 Uhr c.t.<\/li>\n<li>Zahn\u00e4rztehaus &#8211; KZV Berlin, Georg-Wilhelm-Stra\u00dfe 16, 10711 Berlin<\/li>\n<\/ul>\n<p>&nbsp;<\/p>\n<p>TOP 1) Begr\u00fc\u00dfung, Feststellung der Anwesenheit, Totenehrung<\/p>\n<p>TOP 2) Protokoll der VV vom 01.04.2019<\/p>\n<p>TOP 3) Bericht des Vorsitzenden der VV<\/p>\n<p>TOP 4) Bericht(e) aus den Aussch\u00fcssen<\/p>\n<p>TOP 5) Bericht des Vorstandes<\/p>\n<p>TOP 6) Fragestunde<\/p>\n<p>TOP 7) Antr\u00e4ge<\/p>\n<ol>\n<li>Folgeantrag des Vorstandes auf Erlass der Verwaltungskosten \u00fcber abgerechnete Leistungen f\u00fcr die Praxis GEBEWO pro gGmbH, unter der verantwortlichen Leitung der Zahn\u00e4rztin Dr. Ilona Kalage (8746) f\u00fcr die Zeit vom 01.10.2019 bis 30.09.2021 (Anlage 1).<br \/>\n<span style=\"color: #ffffff;\">.<\/span><\/li>\n<li><a href=\"https:\/\/iuzb.de\/?p=27290\" target=\"_blank\" rel=\"noopener noreferrer\">Antrag der IUZB vom 06.08.2019<\/a> (Anlage 2)<br \/>\n<strong>Resolution &#8222;Zahn\u00e4rzte gegen zentrale Speicherung von Gesundheitsdaten&#8220;<\/strong><\/li>\n<\/ol>\n<p><span style=\"color: #ffffff;\">.<\/span><\/p>\n<p>TOP 8)<a href=\"https:\/\/iuzb.de\/?p=27269\" target=\"_blank\" rel=\"noopener noreferrer\"><strong> LSG-Urteil<\/strong><\/a> vom 10.04.2019 (Anlage 3 Urteilsbegr\u00fcndung)<\/p>\n<p><span style=\"color: #ffffff;\">.<\/span><\/p>\n<p>TOP 9) <strong>Dienstvertr\u00e4ge des Vorstandes<\/strong><\/p>\n<ol style=\"list-style-type: upper-roman;\">\n<li><a href=\"https:\/\/www.kzv-berlin.de\/kzv-berlin\/organe-und-struktur\/vorstand\/\" target=\"_blank\" rel=\"noopener noreferrer\"><strong>Amtierender Vorstand<\/strong><\/a> der KZV Berlin<br \/>\n<a href=\"https:\/\/iuzb.de\/wp-content\/uploads\/2019\/08\/2019-08-22-Einladung-VV-mit-Anlagen-Anlage-4.pdf\" target=\"_blank\" rel=\"noopener noreferrer\">Anlage 4<\/a>: <strong>Beschlussempfehlung<\/strong><br \/>\n<a href=\"https:\/\/iuzb.de\/wp-content\/uploads\/2019\/08\/2019-08-22-Einladung-VV-mit-Anlagen-Anlage-5.pdf\" target=\"_blank\" rel=\"noopener noreferrer\">Anlage 5<\/a>: Nachtrag zum Dienstvertrag vom 25.01.2017 (stv. Vorsitzender Geist)<br \/>\n<a href=\"https:\/\/iuzb.de\/wp-content\/uploads\/2019\/08\/2019-08-22-Einladung-VV-mit-Anlagen-Anlage-6.pdf\" target=\"_blank\" rel=\"noopener noreferrer\">Anlage 6<\/a>: Nachtrag zum Dienstvertrag vom 25.01.2017 (stv. Vorsitzender Dr. Husemann)<br \/>\n<a href=\"https:\/\/iuzb.de\/wp-content\/uploads\/2019\/08\/2019-08-22-Einladung-VV-mit-Anlagen-Anlage-7.pdf\" target=\"_blank\" rel=\"noopener noreferrer\">Anlage 7<\/a>: Nachtrag zum Dienstvertrag vom 25.04.2017 (Vorsitzender Dr. Meyer)<br \/>\n.<\/li>\n<li>Dr. K.-G. Pochhammer (<strong>ehemaliges Mitglied des Vorstandes<\/strong>)<br \/>\n<a href=\"https:\/\/iuzb.de\/wp-content\/uploads\/2019\/08\/2019-08-22-Einladung-VV-mit-Anlagen-Anlage-8.pdf\" target=\"_blank\" rel=\"noopener noreferrer\">Anlage 8<\/a>: <strong>Beschlussempfehlung<\/strong><br \/>\n<a href=\"https:\/\/iuzb.de\/wp-content\/uploads\/2019\/08\/2019-08-22-Einladung-VV-mit-Anlagen-Anlage-9.pdf\" target=\"_blank\" rel=\"noopener noreferrer\">Anlage 9<\/a>: Nachtrag zum Dienstvertrag vom 25.01.2017 (ehem. Vorstandsmitglied Dr. Pochhammer)<\/li>\n<\/ol>\n<p><span style=\"color: #ffffff;\">.<\/span><\/p>\n<p>TOP 10) \u00c4nderung der Gesch\u00e4ftsordnung der VV ,,\u00a7 11 Protokoll&#8220; (<a href=\"https:\/\/iuzb.de\/wp-content\/uploads\/2019\/08\/2019-08-22-Einladung-VV-mit-Anlagen-Anlage-10-und-11.pdf\" target=\"_blank\" rel=\"noopener noreferrer\">Anlage 10<\/a>) &#8211; <strong>Audioprotokoll<\/strong><\/p>\n<p style=\"padding-left: 40px;\">(Wiedervorlage aus VV am 01.04.2019)<br \/>\n(<a href=\"https:\/\/iuzb.de\/wp-content\/uploads\/2019\/08\/2019-08-22-Einladung-VV-mit-Anlagen-Anlage-10-und-11.pdf\" target=\"_blank\" rel=\"noopener noreferrer\">Anlage 11<\/a> Schreiben der Berliner Beauftragten f\u00fcr Datenschutz und Informationsfreiheit vom 01.07.2019)<br \/>\n<span style=\"color: #ff0000;\">Hinweis IUZB:<br \/>\n1. Der Einladung ist leider nicht das anfragende Schreiben des Vorsitzenden der Vertreterversammlung vom 10.04.2019 beigef\u00fcgt.<br \/>\n2. Das Schreiben der Beauftragten enth\u00e4lt lediglich ein Ergebnis, ohne dass eine inhaltliche Auseinandersetzung oder eine Abw\u00e4gung mit den Besonderheiten und dem Wesen der Vertreterversammlung als h\u00f6chstes Selbstverwaltungsorgan erfolgt oder auf Gesetze und Paragrafen hingewiesen wird. Aus diesem Grund \u00fcberzeugt uns der Inhalt des Schreibens in dieser (oberfl\u00e4chlichen) Form leider nicht!<br \/>\n<\/span><\/p>\n<p><span style=\"color: #ffffff;\">.<\/span><\/p>\n<p>TOP 11) Verschiedenes<\/p>\n<p>&nbsp;<\/p>\n<p>&nbsp;<\/p>\n<p><span style=\"text-decoration: underline; font-size: 10pt;\">Zur Information:<\/span><br \/>\n<span style=\"font-size: 10pt;\"><a href=\"https:\/\/iuzb.de\/?p=26114\" target=\"_blank\" rel=\"noopener noreferrer\">Pflichtver\u00f6ffentlichung<\/a> der Vorstandsverg\u00fctungen der KZV Berlin gem\u00e4\u00df <a href=\"https:\/\/www.sozialgesetzbuch-sgb.de\/sgbv\/79.html\" target=\"_blank\" rel=\"noopener noreferrer\">\u00a7 79 Abs. 4 SGB V<\/a> zum 01. M\u00e4rz 2019 im Bundesanzeiger<\/span><\/p>\n","protected":false},"excerpt":{"rendered":"<p>Weiterhin 96.000 \u20ac, statt &#8222;\u00dcbergangsgeld&#8220; jetzt &#8222;Aufbau einer zus\u00e4tzlichen Altersversorgung&#8220; f\u00fcr das ehemalige KZV Berlin-Vorstandsmitglied und dem jetzigen stellvertretenden Vorsitzenden der KZBV, Herrn Dr. Pochhammer. Weiterf\u00fchrend: Unser Verhandlungsbericht vom 11.04.2019: [&#8230;]<\/p>\n","protected":false},"author":13,"featured_media":21187,"comment_status":"open","ping_status":"closed","sticky":false,"template":"","format":"standard","meta":{"ngg_post_thumbnail":0,"iawp_total_views":19,"footnotes":""},"categories":[108,98,242,45,195,97],"tags":[],"class_list":["post-27475","post","type-post","status-publish","format-standard","has-post-thumbnail","hentry","category-datenschutz-und-informationsfreiheit","category-diaeten-kzv","category-infobriefe","category-kzv-berlin","category-protokolle-kzv-vv","category-vertreterversammlung-kzv-berlin"],"_links":{"self":[{"href":"https:\/\/iuzb.de\/index.php?rest_route=\/wp\/v2\/posts\/27475","targetHints":{"allow":["GET"]}}],"collection":[{"href":"https:\/\/iuzb.de\/index.php?rest_route=\/wp\/v2\/posts"}],"about":[{"href":"https:\/\/iuzb.de\/index.php?rest_route=\/wp\/v2\/types\/post"}],"author":[{"embeddable":true,"href":"https:\/\/iuzb.de\/index.php?rest_route=\/wp\/v2\/users\/13"}],"replies":[{"embeddable":true,"href":"https:\/\/iuzb.de\/index.php?rest_route=%2Fwp%2Fv2%2Fcomments&post=27475"}],"version-history":[{"count":39,"href":"https:\/\/iuzb.de\/index.php?rest_route=\/wp\/v2\/posts\/27475\/revisions"}],"predecessor-version":[{"id":27527,"href":"https:\/\/iuzb.de\/index.php?rest_route=\/wp\/v2\/posts\/27475\/revisions\/27527"}],"wp:featuredmedia":[{"embeddable":true,"href":"https:\/\/iuzb.de\/index.php?rest_route=\/wp\/v2\/media\/21187"}],"wp:attachment":[{"href":"https:\/\/iuzb.de\/index.php?rest_route=%2Fwp%2Fv2%2Fmedia&parent=27475"}],"wp:term":[{"taxonomy":"category","embeddable":true,"href":"https:\/\/iuzb.de\/index.php?rest_route=%2Fwp%2Fv2%2Fcategories&post=27475"},{"taxonomy":"post_tag","embeddable":true,"href":"https:\/\/iuzb.de\/index.php?rest_route=%2Fwp%2Fv2%2Ftags&post=27475"}],"curies":[{"name":"wp","href":"https:\/\/api.w.org\/{rel}","templated":true}]}}