{"id":27446,"date":"2019-08-22T12:00:41","date_gmt":"2019-08-22T10:00:41","guid":{"rendered":"http:\/\/iuzb.de\/?p=27446"},"modified":"2019-11-12T09:12:02","modified_gmt":"2019-11-12T08:12:02","slug":"zahnaerztekammer-vorstand-beschliesst-sanktionen","status":"publish","type":"post","link":"https:\/\/iuzb.de\/?p=27446","title":{"rendered":"Zahn\u00e4rztekammer: Vorstand beschlie\u00dft Sanktionen"},"content":{"rendered":"<p><a href=\"https:\/\/www.zaek-berlin.de\/presse\/meldungen\/aktuelles\/aktuelles-detail\/article\/aenderungen-der-meldedaten.html\" target=\"_blank\" rel=\"noopener noreferrer\">Aus der Meldung der Zahn\u00e4rztekammer Berlin vom 12.08.2019<\/a>:<\/p>\n<blockquote><p><strong>\u00c4nderungen der Meldedaten<\/strong><br \/>\n<strong>Meldepflicht: \u00c4nderungen sind umgehend bekanntzugeben<\/strong><\/p>\n<p><strong>Vorstand beschlie\u00dft Sanktionen<\/strong><\/p>\n<p>Da es leider immer wieder vorkommt, dass Kammermitglieder ihrer Meldepflicht nicht nachgekommen, sah es der Vorstand der Zahn\u00e4rztekammer Berlin als unumg\u00e4nglich an, in seiner Sitzung am 07.08.2019 Sanktionen zu beschlie\u00dfen.<\/p>\n<p>Sanktionsh\u00f6he bei Verst\u00f6\u00dfen gegen die Meldeordnung:<\/p>\n<p>1. Meldung innerhalb von 3 Monatennach Bekanntwerden einer meldepflichtigen Tatsache: ohne Sanktionen<\/p>\n<p>2. Meldung nach mehr als 3 Monaten aber unter 6 Monaten: 150 Euro<\/p>\n<p>3. Meldung nach mehr als 6 Monaten aber unter 9 Monaten: 300 Euro<\/p>\n<p>4. Meldung nach mehr als 9 Monaten aber unter 12 Monaten: 450 Euro<\/p>\n<p>5. Meldung nach mehr als 12 Monaten: 600 Euro<\/p><\/blockquote>\n<p>&nbsp;<\/p>\n<p>Dazu m\u00f6chten wir folgendes anmerken:<\/p>\n<ol>\n<li><strong>Die IUZB findet die H\u00f6he der Sanktionen unangemessen und unkollegial.<\/strong><\/li>\n<li><strong>Au\u00dferdem vermissen wir in der Mitteilung die Angabe, anhand welcher Rechtsvorschrift(en) diese &#8222;Sanktionsgelder&#8220; erhoben werden.<\/strong><br \/>\n<span style=\"font-size: 10pt;\">Wer zun\u00e4chst selbst suchen m\u00f6chte\u00a0 \ud83d\ude09\u00a0 :<br \/>\n&#8211; <a href=\"https:\/\/www.zaek-berlin.de\/dateien\/Content\/Dokumente\/%C3%9Cber-uns\/DV\/Anlage_TOP_6-2_Hauptsatzung_vom_11.02.2010.pdf\" target=\"_blank\" rel=\"noopener noreferrer\">Hauptsatzung der Zahn\u00e4rztekammer Berlin<\/a><\/span><br \/>\n<span style=\"font-size: 10pt;\">&#8211; <a href=\"https:\/\/www.zaek-berlin.de\/dateien\/Content\/Dokumente\/Zahn%C3%A4rzte\/Zahn%C3%A4rzte_Download\/Berufsrecht_Gesetze_und_Rechtliches\/Meldeordnung_der_Z%C3%84K_Berlin.pdf\" target=\"_blank\" rel=\"noopener noreferrer\">Meldeordnung der Zahn\u00e4rztekammer Berlin<\/a> vom 30.01.1997<\/span><br \/>\n<span style=\"font-size: 10pt;\">&#8211; <a href=\"https:\/\/www.zaek-berlin.de\/dateien\/Content\/Dokumente\/Zahn%C3%A4rzte\/Zahn%C3%A4rzte_Download\/Berufsrecht_Gesetze_und_Rechtliches\/Berufsordnung_der_Z%C3%84K_Berlin.pdf\" target=\"_blank\" rel=\"noopener noreferrer\">Berufsordnung der Zahn\u00e4rztekammer<\/a> Berlin vom 26.04.2007<\/span><br \/>\n<span style=\"font-size: 10pt;\"><a href=\"https:\/\/www.zaek-berlin.de\/fileadmin\/dokumente\/Zentraler_Hauptordner\/Kammerhandbuch\/2_Berliner_Kammergesetz.pdf\" target=\"_blank\" rel=\"noopener noreferrer\">&#8211; Berliner Kammergesetz<\/a> (Au\u00dfer Kraft getreten am 30.11.2018.)<\/span><br \/>\n<span style=\"font-size: 10pt;\"><a href=\"https:\/\/www.zaek-berlin.de\/dateien\/Content\/Dokumente\/Zahn%C3%A4rzte\/Berufsrecht\/Heilberufekammergesetz_2018.pdf\" target=\"_blank\" rel=\"noopener noreferrer\">&#8211; Berliner Heilberufekammergesetz<\/a> (In Kraft getreten am 30.11.2018.)<br \/>\n<\/span><\/li>\n<\/ol>\n<p>&nbsp;<\/p>\n<p><img loading=\"lazy\" decoding=\"async\" class=\"wp-image-12488 alignleft\" src=\"https:\/\/iuzb.de\/wp-content\/uploads\/2008\/07\/Alexander-Klutke.jpg\" alt=\"\" width=\"150\" height=\"196\" srcset=\"https:\/\/iuzb.de\/wp-content\/uploads\/2008\/07\/Alexander-Klutke.jpg 750w, https:\/\/iuzb.de\/wp-content\/uploads\/2008\/07\/Alexander-Klutke-115x150.jpg 115w, https:\/\/iuzb.de\/wp-content\/uploads\/2008\/07\/Alexander-Klutke-230x300.jpg 230w\" sizes=\"auto, (max-width: 150px) 100vw, 150px\" \/><\/p>\n<p>&nbsp;<\/p>\n<p>&nbsp;<\/p>\n<p><strong>Alexander Klutke<\/strong><\/p>\n<p>Delegierter<br \/>\nSchatzmeister IUZB e.V.<\/p>\n<p>&nbsp;<\/p>\n<p>&nbsp;<\/p>\n","protected":false},"excerpt":{"rendered":"<p>Aus der Meldung der Zahn\u00e4rztekammer Berlin vom 12.08.2019: \u00c4nderungen der Meldedaten Meldepflicht: \u00c4nderungen sind umgehend bekanntzugeben Vorstand beschlie\u00dft Sanktionen Da es leider immer wieder vorkommt, dass Kammermitglieder ihrer Meldepflicht nicht [&#8230;]<\/p>\n","protected":false},"author":13,"featured_media":0,"comment_status":"open","ping_status":"closed","sticky":false,"template":"","format":"standard","meta":{"ngg_post_thumbnail":0,"iawp_total_views":4,"footnotes":""},"categories":[242,262,46],"tags":[],"class_list":["post-27446","post","type-post","status-publish","format-standard","hentry","category-infobriefe","category-mitgliederbestand","category-zahnaerztekammer-berlin"],"_links":{"self":[{"href":"https:\/\/iuzb.de\/index.php?rest_route=\/wp\/v2\/posts\/27446","targetHints":{"allow":["GET"]}}],"collection":[{"href":"https:\/\/iuzb.de\/index.php?rest_route=\/wp\/v2\/posts"}],"about":[{"href":"https:\/\/iuzb.de\/index.php?rest_route=\/wp\/v2\/types\/post"}],"author":[{"embeddable":true,"href":"https:\/\/iuzb.de\/index.php?rest_route=\/wp\/v2\/users\/13"}],"replies":[{"embeddable":true,"href":"https:\/\/iuzb.de\/index.php?rest_route=%2Fwp%2Fv2%2Fcomments&post=27446"}],"version-history":[{"count":27,"href":"https:\/\/iuzb.de\/index.php?rest_route=\/wp\/v2\/posts\/27446\/revisions"}],"predecessor-version":[{"id":27473,"href":"https:\/\/iuzb.de\/index.php?rest_route=\/wp\/v2\/posts\/27446\/revisions\/27473"}],"wp:attachment":[{"href":"https:\/\/iuzb.de\/index.php?rest_route=%2Fwp%2Fv2%2Fmedia&parent=27446"}],"wp:term":[{"taxonomy":"category","embeddable":true,"href":"https:\/\/iuzb.de\/index.php?rest_route=%2Fwp%2Fv2%2Fcategories&post=27446"},{"taxonomy":"post_tag","embeddable":true,"href":"https:\/\/iuzb.de\/index.php?rest_route=%2Fwp%2Fv2%2Ftags&post=27446"}],"curies":[{"name":"wp","href":"https:\/\/api.w.org\/{rel}","templated":true}]}}