{"id":27364,"date":"2019-08-08T08:58:43","date_gmt":"2019-08-08T06:58:43","guid":{"rendered":"http:\/\/iuzb.de\/?p=27364"},"modified":"2019-12-20T12:44:37","modified_gmt":"2019-12-20T11:44:37","slug":"wie-befuerchtet-bei-der-neuen-form-der-ergebnis-protokollfuehrung-verfluechtigt-sich-fast-alles-ins-nichts","status":"publish","type":"post","link":"https:\/\/iuzb.de\/?p=27364","title":{"rendered":"Wie bef\u00fcrchtet, bei der neuen Form der Ergebnis-Protokollf\u00fchrung, &#8222;verfl\u00fcchtigt&#8220; sich fast alles ins NICHTS"},"content":{"rendered":"<p>Sehr geehrter Herr Kollege Heegewaldt,<br \/>\nsehr geehrter Vorstand,<\/p>\n<p>entsprechend \u00a7 1 Absatz 3 der <a href=\"https:\/\/www.zaek-berlin.de\/dateien\/Content\/Dokumente\/%C3%9Cber-uns\/DV\/Anlage_TOP_6-1_Gesch%C3%A4ftsordnung_der_DV_11.02.2010.pdf\" target=\"_blank\" rel=\"noopener noreferrer\">Gesch\u00e4ftsordnung<\/a> der Delegiertenversammlung der Zahn\u00e4rztekammer Berlin, erhebe ich fristgrecht Einspruch gegen das Protokoll der Delegiertenversammlung vom 23. Mai 2019.<\/p>\n<p style=\"padding-left: 40px;\"><strong>Zu TOP 2) Protokollgenehmigung<\/strong><\/p>\n<p style=\"padding-left: 40px;\">Ein Protokoll kann erst genehmigt werden wenn es vollst\u00e4ndig ist &#8211; diesem Protokoll fehlt der Bericht des Vorstandes &#8211; insofern kann nach erfolgreichem Einspruch eine Genehmigung nicht erfolgt sein.*<\/p>\n<p style=\"padding-left: 40px;\"><strong>Zu TOP 4) Bericht Philipp-Pfaff-Institut (Gesch\u00e4ftsjahr 2018)<\/strong><\/p>\n<p style=\"padding-left: 40px;\">Einen Bericht zum Gesch\u00e4ftsjahr 2018 gab es nicht &#8211; alle in der DV vorgelegten Zahlen und berichteten Ereignisse betrafen die Jahre bis 2017 bzw. in einem Punkt &#8211; Anschaffung der Mikroskope &#8211; das Jahr 2019.<\/p>\n<p style=\"padding-left: 40px;\">Wir erwarten von der Gesch\u00e4ftsf\u00fchrung des Philipp-Pfaff-Institut einen Bericht zum Gesch\u00e4ftsjahr 2018.*\u00b2<\/p>\n<p style=\"padding-left: 40px;\"><strong>Zu TOP 6a) Antrag: Weiterbildungsordnung<\/strong><\/p>\n<p style=\"padding-left: 40px;\">Die in der Einladung als TOP \u00fcbermittelte Weiterbildungsordnung wurde nach Diskussion ver\u00e4ndert. Es fehlt erstens die Angabe \u00fcber diese Diskussion als solche und zweitens, es fehlt die neue Textfassung der verabschiedeten Weiterbildungsordnung. Es ist dadurch nicht nachvollziehbar, welche \u00c4nderungen vorgenommen wurden und wor\u00fcber die Delegiertenversammlung somit inhaltlich \u00fcberhaupt abgestimmt hat.*\u00b3<\/p>\n<p style=\"padding-left: 40px;\"><strong>Zu TOP 6b) Antrag: Wahlordnung<\/strong><\/p>\n<p style=\"padding-left: 40px;\">Die in der Einladung als TOP \u00fcbermittelte Wahlordnung wurde nach Diskussion ver\u00e4ndert. Es fehlt erstens die Angabe \u00fcber diese Diskussion als solche und zweitens, es fehlt die neue Textfassung der verabschiedeten Wahlordnung. Es ist dadurch nicht nachvollziehbar, welche \u00c4nderungen vorgenommen wurden und wor\u00fcber die Delegiertenversammlung somit inhaltlich \u00fcberhaupt abgestimmt hat.*\u00b3<\/p>\n<p>Mit kollegialen Gr\u00fc\u00dfen<\/p>\n<p>Alexander Klutke<br \/>\nDelegierter<\/p>\n<p>&nbsp;<\/p>\n<p><span style=\"text-decoration: underline;\">Weiterf\u00fchrend siehe auch:<\/span><\/p>\n<p>* <a href=\"https:\/\/iuzb.de\/?p=26568\" target=\"_blank\" rel=\"noopener noreferrer\">Der Bericht des Kammervorstands \u201everfl\u00fcchtigt\u201c sich ins Nichts<\/a> und <a href=\"https:\/\/iuzb.de\/?p=26900\" target=\"_blank\" rel=\"noopener noreferrer\">Bericht aus der Delegiertenversammlung der Zahn\u00e4rztekammer Berlin vom 23. Mai 2019<\/a><\/p>\n<p>*\u00b2 <a href=\"https:\/\/iuzb.de\/?p=27311\" target=\"_blank\" rel=\"noopener noreferrer\">IUZB Faktencheck: TOP Philipp-Pfaff-Institut<\/a><\/p>\n<p>*\u00b3 <a href=\"https:\/\/iuzb.de\/?p=26568\" target=\"_blank\" rel=\"noopener noreferrer\">Der Bericht des Kammervorstands \u201everfl\u00fcchtigt\u201c sich ins Nichts.<\/a> Nur hier noch schlimmer, denn jetzt betrifft es nicht nur den Vorstandsbericht, sondern rechtlich relevante Verordnungen.<\/p>\n","protected":false},"excerpt":{"rendered":"<p>Sehr geehrter Herr Kollege Heegewaldt, sehr geehrter Vorstand, entsprechend \u00a7 1 Absatz 3 der Gesch\u00e4ftsordnung der Delegiertenversammlung der Zahn\u00e4rztekammer Berlin, erhebe ich fristgrecht Einspruch gegen das Protokoll der Delegiertenversammlung vom [&#8230;]<\/p>\n","protected":false},"author":13,"featured_media":27382,"comment_status":"open","ping_status":"closed","sticky":false,"template":"","format":"standard","meta":{"ngg_post_thumbnail":0,"iawp_total_views":2,"footnotes":""},"categories":[91,242,193,46,260],"tags":[],"class_list":["post-27364","post","type-post","status-publish","format-standard","has-post-thumbnail","hentry","category-delegiertenversammlung","category-infobriefe","category-protokolle-dv","category-zahnaerztekammer-berlin","category-philipp-pfaff-institut-zahnaerztekammer-berlin"],"_links":{"self":[{"href":"https:\/\/iuzb.de\/index.php?rest_route=\/wp\/v2\/posts\/27364","targetHints":{"allow":["GET"]}}],"collection":[{"href":"https:\/\/iuzb.de\/index.php?rest_route=\/wp\/v2\/posts"}],"about":[{"href":"https:\/\/iuzb.de\/index.php?rest_route=\/wp\/v2\/types\/post"}],"author":[{"embeddable":true,"href":"https:\/\/iuzb.de\/index.php?rest_route=\/wp\/v2\/users\/13"}],"replies":[{"embeddable":true,"href":"https:\/\/iuzb.de\/index.php?rest_route=%2Fwp%2Fv2%2Fcomments&post=27364"}],"version-history":[{"count":4,"href":"https:\/\/iuzb.de\/index.php?rest_route=\/wp\/v2\/posts\/27364\/revisions"}],"predecessor-version":[{"id":27393,"href":"https:\/\/iuzb.de\/index.php?rest_route=\/wp\/v2\/posts\/27364\/revisions\/27393"}],"wp:featuredmedia":[{"embeddable":true,"href":"https:\/\/iuzb.de\/index.php?rest_route=\/wp\/v2\/media\/27382"}],"wp:attachment":[{"href":"https:\/\/iuzb.de\/index.php?rest_route=%2Fwp%2Fv2%2Fmedia&parent=27364"}],"wp:term":[{"taxonomy":"category","embeddable":true,"href":"https:\/\/iuzb.de\/index.php?rest_route=%2Fwp%2Fv2%2Fcategories&post=27364"},{"taxonomy":"post_tag","embeddable":true,"href":"https:\/\/iuzb.de\/index.php?rest_route=%2Fwp%2Fv2%2Ftags&post=27364"}],"curies":[{"name":"wp","href":"https:\/\/api.w.org\/{rel}","templated":true}]}}