{"id":27290,"date":"2019-08-06T09:00:10","date_gmt":"2019-08-06T07:00:10","guid":{"rendered":"http:\/\/iuzb.de\/?p=27290"},"modified":"2019-12-20T12:45:06","modified_gmt":"2019-12-20T11:45:06","slug":"kzv-berlin-iuzb-resolutionsantrag-zahnaerzte-gegen-zentrale-speicherung-von-gesundheitsdaten-zur-vertreterversammlung-am-09-09-2019","status":"publish","type":"post","link":"https:\/\/iuzb.de\/?p=27290","title":{"rendered":"IUZB Resolutionsantrag: \u201eZahn\u00e4rzte gegen zentrale Speicherung von Gesundheitsdaten\u201c"},"content":{"rendered":"<p>An<br \/>\nHerrn Dr. Heinrich Schleithoff<br \/>\nVorsitzender der Vertreterversammlung<br \/>\nder Kassenzahn\u00e4rztlichen Vereinigung Berlin K.d.\u00f6.R.<br \/>\nGeorg-Wilhelm-Stra\u00dfe 16<br \/>\n10711 Berlin<\/p>\n<p>Per eMail an: vv-vorsitz@kzv-berlin.de<\/p>\n<p>&nbsp;<\/p>\n<p>06. August 2019<\/p>\n<p>&nbsp;<\/p>\n<p><strong>Antrag zur Vertreterversammlung am 09. September 2019<\/strong><\/p>\n<ul>\n<li><span style=\"font-size: 12pt;\"><strong>Resolution \u201eZahn\u00e4rzte gegen zentrale Speicherung von Gesundheitsdaten<\/strong>\u201c<\/span><\/li>\n<\/ul>\n<p>&nbsp;<\/p>\n<p>Sehr geehrter Herr Kollege Schleithoff,<br \/>\nsehr geehrte Kolleginnen und Kollegen,<\/p>\n<p>(Droh)schreiben wie dieses wollen wir nicht:<\/p>\n<p><a href=\"https:\/\/iuzb.de\/wp-content\/uploads\/2019\/08\/2019-KZV-Berlin-Telematik-Verletzung-Ihrer-vertragszahnaerztlichen-Pflichten.jpg\" target=\"_blank\" rel=\"noopener noreferrer\"><img loading=\"lazy\" decoding=\"async\" class=\"alignnone wp-image-27292\" src=\"https:\/\/iuzb.de\/wp-content\/uploads\/2019\/08\/2019-KZV-Berlin-Telematik-Verletzung-Ihrer-vertragszahnaerztlichen-Pflichten.jpg\" alt=\"\" width=\"640\" height=\"352\" srcset=\"https:\/\/iuzb.de\/wp-content\/uploads\/2019\/08\/2019-KZV-Berlin-Telematik-Verletzung-Ihrer-vertragszahnaerztlichen-Pflichten.jpg 1506w, https:\/\/iuzb.de\/wp-content\/uploads\/2019\/08\/2019-KZV-Berlin-Telematik-Verletzung-Ihrer-vertragszahnaerztlichen-Pflichten-218x120.jpg 218w, https:\/\/iuzb.de\/wp-content\/uploads\/2019\/08\/2019-KZV-Berlin-Telematik-Verletzung-Ihrer-vertragszahnaerztlichen-Pflichten-450x247.jpg 450w, https:\/\/iuzb.de\/wp-content\/uploads\/2019\/08\/2019-KZV-Berlin-Telematik-Verletzung-Ihrer-vertragszahnaerztlichen-Pflichten-768x422.jpg 768w\" sizes=\"auto, (max-width: 640px) 100vw, 640px\" \/><\/a><\/p>\n<p style=\"text-align: justify;\">Am 17. September 2018 hat die Vertreterversammlung\u00a0\u00a0 e i n s t i m m i g\u00a0\u00a0 folgenden Beschluss gefasst:<\/p>\n<p style=\"text-align: justify; padding-left: 40px;\"><strong>Die Vertreterversammlung der KZV Berlin fordert den Gesetzgeber auf,<\/strong><br \/>\n<strong>im <a href=\"https:\/\/iuzb.de\/wp-content\/uploads\/2019\/08\/Anlage-4-\u00a7-291-SGB-5-Einzelnorm.pdf\" target=\"_blank\" rel=\"noopener noreferrer\">SGB V \u00a7 291<\/a> Abs. 2b die Satze 14 und 15 ersatzlos zu streichen.<\/strong><br \/>\n<strong>Bis dahin wird der Verordnungsgeber aufgefordert die Frist nach \u00a7 291 Abs. 2b Satz 14 bis zum Januar 2020 zu verl\u00e4ngern.<\/strong><\/p>\n<p style=\"text-align: justify;\">Wir bitten den Vorstand und die Verwaltung h\u00f6flich um einen aktuellen Sachstandsbericht.<\/p>\n<p style=\"text-align: justify;\">Erg\u00e4nzend stellen wir den Antrag, dass die Vertreterversammlung der KZV Berlin in Anlehnung an die <a href=\"https:\/\/www.kzvb.de\/presse\/presseinformationen-der-kzvb\/2019\/presseinfo-22072019\/\" target=\"_blank\" rel=\"noopener noreferrer\">Pressemitteilung<\/a> der KZV Bayern vom 22. Juli 2019 nachfolgende Resolution fasst und den Vorstand und die Verwaltung beauftragt, landes- und bundesweit geeignete weitere Ma\u00dfnahmen einzuleiten, insbesondere auch \u00f6ffentlichkeitswirksam.<\/p>\n<p style=\"text-align: justify; padding-left: 40px;\"><span style=\"text-decoration: underline;\">Resolution der Vertreterversammlung der KZV Berlin<\/span><\/p>\n<p style=\"text-align: justify; padding-left: 40px;\"><strong>Zahn\u00e4rzte gegen zentrale Speicherung von Gesundheitsdaten<\/strong><\/p>\n<p style=\"text-align: justify; padding-left: 40px;\"><em>Digitalisierung muss dem Menschen dienen<\/em><\/p>\n<p style=\"text-align: justify; padding-left: 40px;\">Die Vertragszahn\u00e4rzte im Land Berlin stehen der Digitalisierung des Gesundheitswesens kritisch gegen\u00fcber, soweit dabei Patientendaten zentral gespeichert werden. Die Vertreterversammlung (VV) der KZVB greift die Beschl\u00fcsse und die Pressemitteilung der KZV Bayern vom 22. Juli 2019 auf und verabschiedet diese Resolution.<\/p>\n<p style=\"text-align: justify; padding-left: 40px;\">Die Digitalisierung ist kein Selbstzweck und eignet sich nicht f\u00fcr politische Selbstdarstellung im Gesundheitswesen. Technik m\u00fcsse immer dem Menschen dienen und nicht umgekehrt. Deshalb lehnt die VV auch die geplante zentrale Speicherung von Gesundheitsdaten ab. \u201eDatenschutz, Datensicherheit, \u00e4rztliche Schweigepflicht und informationelle Selbstbestimmung der Patienten m\u00fcssen Vorrang vor einer gewaltsamen Einf\u00fchrung der Patientenakte haben. Jeder zentrale Server unterliegt einem hohen Risiko, gehackt zu werden\u201c.<\/p>\n<p style=\"text-align: justify; padding-left: 40px;\">Die Vertreter fordern den Gesetzgeber auf, bei der Einf\u00fchrung der Telematik-Infrastruktur (TI) auf jegliche Sanktionen zu verzichten. Bislang m\u00fcssen niedergelassene Zahn\u00e4rzte, die ihre Praxen nicht fristgerecht an die TI angeschlossen haben, mit einem Honorarabzug rechnen. Die VV der KZV Berlin vertritt jedoch den Standpunkt, dass die TI f\u00fcr Zahn\u00e4rzte bislang keinen Nutzen bringe. Es m\u00fcsse deshalb jedem Praxisinhaber selbst \u00fcberlassen bleiben, ob er den Aufwand und das Risiko beim Datenschutz in Kauf nimmt.<\/p>\n<p style=\"text-align: justify; padding-left: 40px;\">Eine Alternative zur Anbindung der gesamten Praxis-EDV an die Telematik und ans Internet ist das sogenannte \u201eStand-Alone-Szenario\u201c. \u00c4rzte und Zahn\u00e4rzte k\u00f6nnen so die Anbindung an die Telematik-Infrastruktur mit einem eigenen Rechner durchf\u00fchren. Diese M\u00f6glichkeit will Jens Spahn jedoch abschaffen. Die VV fordert ihn auf, darauf zu verzichten und das Stand-Alone-Szenario weiterhin zuzulassen. Es sei derzeit die sicherste Variante der Anbindung an die Telematik.<\/p>\n<p>Mit kollegialen Gr\u00fc\u00dfen<\/p>\n<p>gez. Dr. Peter Zemlin<br \/>\ngez. Alexander Klutke<br \/>\n&#8211; Vertreter &#8211;<\/p>\n<p>&nbsp;<\/p>\n<p><span style=\"text-decoration: underline;\">Anlagen:<\/span><\/p>\n<ol>\n<li><a href=\"https:\/\/iuzb.de\/wp-content\/uploads\/2019\/08\/Anlage-1-2019-07-22-KZV-Bayern-Pressemiteilung-Zahn\u00e4rzte-gegen-zentrale-Speicherung-von-Gesundheitsdaten.pdf\" target=\"_blank\" rel=\"noopener noreferrer\">KZV Bayern<\/a>, Pressemitteilung vom 22.07.2019:<br \/>\n\u201eZahn\u00e4rzte gegen zentrale Speicherung von Gesundheitsdaten\u201c<br \/>\n2. <a href=\"https:\/\/iuzb.de\/wp-content\/uploads\/2019\/08\/Anlage-2-2019-KZV-Berlin-Telematik-Verletzung-Ihrer-vertragszahn\u00e4rztlichen-Pflichten.pdf\" target=\"_blank\" rel=\"noopener noreferrer\">KZV Berlin<\/a>, anonymisierte Email \u201eAnbindung an die TI-Bestellung der Komponenten\u201c<br \/>\n3. <a href=\"https:\/\/iuzb.de\/wp-content\/uploads\/2019\/08\/Anlage-3-2018-09-17-VV-Beschluss-zu-Paragraf-291-SGBV.pdf\" target=\"_blank\" rel=\"noopener noreferrer\">KZV Berlin<\/a>, Auszug aus dem VV-Protokoll vom 17.09.2018:<br \/>\nBeschluss zu \u00a7 291 SGB V<br \/>\n4. <a href=\"https:\/\/iuzb.de\/wp-content\/uploads\/2019\/08\/Anlage-4-\u00a7-291-SGB-5-Einzelnorm.pdf\" target=\"_blank\" rel=\"noopener noreferrer\">Abschrift<\/a> \u00a7 291 SGB V<\/li>\n<\/ol>\n","protected":false},"excerpt":{"rendered":"<p>An Herrn Dr. Heinrich Schleithoff Vorsitzender der Vertreterversammlung der Kassenzahn\u00e4rztlichen Vereinigung Berlin K.d.\u00f6.R. Georg-Wilhelm-Stra\u00dfe 16 10711 Berlin Per eMail an: vv-vorsitz@kzv-berlin.de &nbsp; 06. August 2019 &nbsp; Antrag zur Vertreterversammlung am [&#8230;]<\/p>\n","protected":false},"author":13,"featured_media":27310,"comment_status":"open","ping_status":"closed","sticky":false,"template":"","format":"standard","meta":{"ngg_post_thumbnail":0,"iawp_total_views":1,"footnotes":""},"categories":[242,45,252,97],"tags":[],"class_list":["post-27290","post","type-post","status-publish","format-standard","has-post-thumbnail","hentry","category-infobriefe","category-kzv-berlin","category-telematik","category-vertreterversammlung-kzv-berlin"],"_links":{"self":[{"href":"https:\/\/iuzb.de\/index.php?rest_route=\/wp\/v2\/posts\/27290","targetHints":{"allow":["GET"]}}],"collection":[{"href":"https:\/\/iuzb.de\/index.php?rest_route=\/wp\/v2\/posts"}],"about":[{"href":"https:\/\/iuzb.de\/index.php?rest_route=\/wp\/v2\/types\/post"}],"author":[{"embeddable":true,"href":"https:\/\/iuzb.de\/index.php?rest_route=\/wp\/v2\/users\/13"}],"replies":[{"embeddable":true,"href":"https:\/\/iuzb.de\/index.php?rest_route=%2Fwp%2Fv2%2Fcomments&post=27290"}],"version-history":[{"count":14,"href":"https:\/\/iuzb.de\/index.php?rest_route=\/wp\/v2\/posts\/27290\/revisions"}],"predecessor-version":[{"id":27309,"href":"https:\/\/iuzb.de\/index.php?rest_route=\/wp\/v2\/posts\/27290\/revisions\/27309"}],"wp:featuredmedia":[{"embeddable":true,"href":"https:\/\/iuzb.de\/index.php?rest_route=\/wp\/v2\/media\/27310"}],"wp:attachment":[{"href":"https:\/\/iuzb.de\/index.php?rest_route=%2Fwp%2Fv2%2Fmedia&parent=27290"}],"wp:term":[{"taxonomy":"category","embeddable":true,"href":"https:\/\/iuzb.de\/index.php?rest_route=%2Fwp%2Fv2%2Fcategories&post=27290"},{"taxonomy":"post_tag","embeddable":true,"href":"https:\/\/iuzb.de\/index.php?rest_route=%2Fwp%2Fv2%2Ftags&post=27290"}],"curies":[{"name":"wp","href":"https:\/\/api.w.org\/{rel}","templated":true}]}}