{"id":27016,"date":"2019-06-27T23:35:25","date_gmt":"2019-06-27T21:35:25","guid":{"rendered":"http:\/\/iuzb.de\/?p=27016"},"modified":"2019-06-27T23:39:46","modified_gmt":"2019-06-27T21:39:46","slug":"betreiberfirma-fuer-gesundheitskarte-spahn-will-verguetung-fuer-neuen-topmanager-verdoppeln","status":"publish","type":"post","link":"https:\/\/iuzb.de\/?p=27016","title":{"rendered":"Betreiberfirma f\u00fcr Gesundheitskarte: Spahn will Verg\u00fctung f\u00fcr neuen Topmanager verdoppeln"},"content":{"rendered":"<p>Spiegel, 21.06.2019:<\/p>\n<ul>\n<li><a href=\"https:\/\/www.spiegel.de\/wirtschaft\/service\/jens-spahn-will-verguetung-fuer-neuen-topmanager-verdoppeln-a-1273613.html\" target=\"_blank\" rel=\"noopener noreferrer\">Betreiberfirma f\u00fcr Gesundheitskarte: Spahn will Verg\u00fctung f\u00fcr neuen Topmanager verdoppeln<\/a><\/li>\n<\/ul>\n<p>&nbsp;<\/p>\n<p><span style=\"text-decoration: underline;\">Erg\u00e4nzung:<\/span><\/p>\n<p><a href=\"https:\/\/www.gematik.de\/news\/news\/dr-markus-leyck-dieken-als-neuer-geschaeftsfuehrer-der-gematik-bestellt\/\" target=\"_blank\" rel=\"noopener noreferrer\">gematik Pressemitteilung<\/a>, 21.06.2019:<\/p>\n<p><strong>Dr. Markus Leyck Dieken als neuer Gesch\u00e4ftsf\u00fchrer der gematik bestellt<\/strong><\/p>\n<div class=\"teaser-text\">\n<p style=\"text-align: justify;\">Die Gesellschafterversammlung der gematik hat in ihrer heutigen Sitzung die Bestellung von Dr. med. Markus Leyck Dieken (54) zum 01.07.2019 als neuen Alleingesch\u00e4ftsf\u00fchrer der Gesellschaft beschlossen.<\/p>\n<\/div>\n<div class=\"news-text-wrap\">\n<p style=\"text-align: justify;\">Leyck Dieken tritt die Nachfolge von Alexander Beyer (46) an, der von der Gesellschafterversammlung mit Wirkung zum 01.07.2019 als Gesch\u00e4ftsf\u00fchrer abberufen wurde. Beyer f\u00fchrte seit 01.07.2015 die Gesch\u00e4fte der gematik.<\/p>\n<p style=\"text-align: justify;\">Die gematik Gesellschaft f\u00fcr Telematikanwendungen der Gesundheitskarte mbH ist die zentrale Instanz f\u00fcr die digitale Vernetzung im deutschen Gesundheitswesen. Sie wurde 2005 per gesetzlichem Auftrag von den Spitzenorganisationen der Selbstverwaltung im Gesundheitswesen gegr\u00fcndet. Das Bundesgesundheitsministerium h\u00e4lt seit Mai 2019 51 Prozent der Gesellschafteranteile.<\/p>\n<p style=\"text-align: justify;\">Weiterf\u00fchrende Informationen zur Person von Herrn Leyck Dieken wird die Pressestelle der gematik nach dem Amtswechsel zur Verf\u00fcgung stellen.<\/p>\n<\/div>\n<p>&nbsp;<\/p>\n","protected":false},"excerpt":{"rendered":"<p>Spiegel, 21.06.2019: Betreiberfirma f\u00fcr Gesundheitskarte: Spahn will Verg\u00fctung f\u00fcr neuen Topmanager verdoppeln &nbsp; Erg\u00e4nzung: gematik Pressemitteilung, 21.06.2019: Dr. Markus Leyck Dieken als neuer Gesch\u00e4ftsf\u00fchrer der gematik bestellt Die Gesellschafterversammlung der [&#8230;]<\/p>\n","protected":false},"author":13,"featured_media":0,"comment_status":"open","ping_status":"closed","sticky":false,"template":"","format":"standard","meta":{"ngg_post_thumbnail":0,"iawp_total_views":0,"footnotes":""},"categories":[252],"tags":[],"class_list":["post-27016","post","type-post","status-publish","format-standard","hentry","category-telematik"],"_links":{"self":[{"href":"https:\/\/iuzb.de\/index.php?rest_route=\/wp\/v2\/posts\/27016","targetHints":{"allow":["GET"]}}],"collection":[{"href":"https:\/\/iuzb.de\/index.php?rest_route=\/wp\/v2\/posts"}],"about":[{"href":"https:\/\/iuzb.de\/index.php?rest_route=\/wp\/v2\/types\/post"}],"author":[{"embeddable":true,"href":"https:\/\/iuzb.de\/index.php?rest_route=\/wp\/v2\/users\/13"}],"replies":[{"embeddable":true,"href":"https:\/\/iuzb.de\/index.php?rest_route=%2Fwp%2Fv2%2Fcomments&post=27016"}],"version-history":[{"count":5,"href":"https:\/\/iuzb.de\/index.php?rest_route=\/wp\/v2\/posts\/27016\/revisions"}],"predecessor-version":[{"id":27021,"href":"https:\/\/iuzb.de\/index.php?rest_route=\/wp\/v2\/posts\/27016\/revisions\/27021"}],"wp:attachment":[{"href":"https:\/\/iuzb.de\/index.php?rest_route=%2Fwp%2Fv2%2Fmedia&parent=27016"}],"wp:term":[{"taxonomy":"category","embeddable":true,"href":"https:\/\/iuzb.de\/index.php?rest_route=%2Fwp%2Fv2%2Fcategories&post=27016"},{"taxonomy":"post_tag","embeddable":true,"href":"https:\/\/iuzb.de\/index.php?rest_route=%2Fwp%2Fv2%2Ftags&post=27016"}],"curies":[{"name":"wp","href":"https:\/\/api.w.org\/{rel}","templated":true}]}}