{"id":27009,"date":"2019-06-27T13:23:33","date_gmt":"2019-06-27T11:23:33","guid":{"rendered":"http:\/\/iuzb.de\/?p=27009"},"modified":"2019-06-27T13:31:00","modified_gmt":"2019-06-27T11:31:00","slug":"berlin-azubitickets-erstmals-auch-fuer-gesundheitsfachschuelerinnen-und-schueler-kalayci-gerechtigkeitsluecke-geschlossen","status":"publish","type":"post","link":"https:\/\/iuzb.de\/?p=27009","title":{"rendered":"Berlin: Azubitickets erstmals auch f\u00fcr Gesundheitsfachsch\u00fclerinnen und -sch\u00fcler"},"content":{"rendered":"<p><strong><a href=\"https:\/\/www.berlin.de\/sen\/gpg\/ueber-uns\/leitung\/senatorin\/\" target=\"_blank\" rel=\"noopener noreferrer\">Kalayci<\/a>: \u201eGerechtigkeitsl\u00fccke geschlossen&#8220;<\/strong><\/p>\n<p>Auszubildende in den Gesundheitsfachberufen k\u00f6nnen ab August erstmals das Azubiticket des Verkehrsverbundes Berlin-Brandenburg nutzen. Damit k\u00f6nnen sie, wie alle anderen Auszubildenden in den Handwerks- und kaufm\u00e4nnischen Berufen k\u00fcnftig das gesamte Angebot zum erm\u00e4\u00dfigten Preis von 365 \u20ac pro Jahr nutzen. Bisher mussten die angehenden Physiotherapeutinnen und -therapeuten, Ergotherapeutinnen und -therapeuten, Logop\u00e4dinnen und Logop\u00e4den und Pflegekr\u00e4fte den vollen Preis einer Umweltkarte bezahlen.<\/p>\n<p>Dilek Kalayci, Senatorin f\u00fcr Gesundheit, Pflege und Gleichstellung: \u201eWer in Berlin eine Ausbildung macht, muss auch das verbilligte Angebot des VBB nutzen k\u00f6nnen, um zum Ausbildungsort zu kommen. Leider konnten Auszubildende der Gesundheits- und Pflegeberufe davon bisher nicht profitieren. Es ist niemandem zu erkl\u00e4ren, dass sie den vollen Preis f\u00fcr das Ticket bezahlen sollen, w\u00e4hrend Auszubildende zum Industriekaufmann oder zur Industriekauffrau das Azubiticket nutzen d\u00fcrfen. Ich freue mich, dass es nun gelungen ist, diese Gerechtigkeitsl\u00fccke zu schlie\u00dfen. Die neue Regelung ist zudem ein weiterer Schritt zur Steigerung der Attraktivit\u00e4t dieser Ausbildungen, so dass es gelingen kann, mehr junge Menschen f\u00fcr eine Ausbildung in den Gesundheits- und Pflegeberufen zu begeistern.&#8220;<\/p>\n<p>Quelle: Pressemitteilung der Senatsverwaltung f\u00fcr Gesundheit, Pflege und Gleichstellung vom 27.06.2019<\/p>\n<p>&nbsp;<\/p>\n<p><a href=\"https:\/\/www.bvg.de\/abo\" target=\"_blank\" rel=\"noopener noreferrer\">BVG-Abo<\/a> \/ <a class=\"link_download\" title=\"Tarifinformationen - Sch\u00fcler, Azubis und Studenten\" href=\"https:\/\/shop.bvg.de\/uploads\/files\/Tarifinformationen___Sch%C3%BCler__Azubis_und_Studenten.pdf\" target=\"_blank\" rel=\"noopener noreferrer\">Tarifinformationen &#8211; Sch\u00fcler, Azubis und Studenten<\/a><\/p>\n","protected":false},"excerpt":{"rendered":"<p>Kalayci: \u201eGerechtigkeitsl\u00fccke geschlossen&#8220; Auszubildende in den Gesundheitsfachberufen k\u00f6nnen ab August erstmals das Azubiticket des Verkehrsverbundes Berlin-Brandenburg nutzen. Damit k\u00f6nnen sie, wie alle anderen Auszubildenden in den Handwerks- und kaufm\u00e4nnischen Berufen [&#8230;]<\/p>\n","protected":false},"author":13,"featured_media":0,"comment_status":"open","ping_status":"closed","sticky":false,"template":"","format":"standard","meta":{"ngg_post_thumbnail":0,"iawp_total_views":1,"footnotes":""},"categories":[177],"tags":[],"class_list":["post-27009","post","type-post","status-publish","format-standard","hentry","category-berlin"],"_links":{"self":[{"href":"https:\/\/iuzb.de\/index.php?rest_route=\/wp\/v2\/posts\/27009","targetHints":{"allow":["GET"]}}],"collection":[{"href":"https:\/\/iuzb.de\/index.php?rest_route=\/wp\/v2\/posts"}],"about":[{"href":"https:\/\/iuzb.de\/index.php?rest_route=\/wp\/v2\/types\/post"}],"author":[{"embeddable":true,"href":"https:\/\/iuzb.de\/index.php?rest_route=\/wp\/v2\/users\/13"}],"replies":[{"embeddable":true,"href":"https:\/\/iuzb.de\/index.php?rest_route=%2Fwp%2Fv2%2Fcomments&post=27009"}],"version-history":[{"count":6,"href":"https:\/\/iuzb.de\/index.php?rest_route=\/wp\/v2\/posts\/27009\/revisions"}],"predecessor-version":[{"id":27015,"href":"https:\/\/iuzb.de\/index.php?rest_route=\/wp\/v2\/posts\/27009\/revisions\/27015"}],"wp:attachment":[{"href":"https:\/\/iuzb.de\/index.php?rest_route=%2Fwp%2Fv2%2Fmedia&parent=27009"}],"wp:term":[{"taxonomy":"category","embeddable":true,"href":"https:\/\/iuzb.de\/index.php?rest_route=%2Fwp%2Fv2%2Fcategories&post=27009"},{"taxonomy":"post_tag","embeddable":true,"href":"https:\/\/iuzb.de\/index.php?rest_route=%2Fwp%2Fv2%2Ftags&post=27009"}],"curies":[{"name":"wp","href":"https:\/\/api.w.org\/{rel}","templated":true}]}}