{"id":27003,"date":"2019-06-27T11:39:56","date_gmt":"2019-06-27T09:39:56","guid":{"rendered":"http:\/\/iuzb.de\/?p=27003"},"modified":"2019-06-27T11:41:52","modified_gmt":"2019-06-27T09:41:52","slug":"es-ist-extrem-bedauerlich-dass-keine-einzige-landtagsfraktion-fuer-die-altersversorgung-in-der-gesetzlichen-rentenversicherung-plaediert","status":"publish","type":"post","link":"https:\/\/iuzb.de\/?p=27003","title":{"rendered":"&#8222;Es ist extrem bedauerlich, dass keine einzige Landtagsfraktion f\u00fcr die Altersversorgung in der gesetzlichen Rentenversicherung pl\u00e4diert.\u201c&#8230;"},"content":{"rendered":"<p>&#8230; meinte laut der <a href=\"https:\/\/www.swp.de\/suedwesten\/landespolitik\/abgeordneten-pensionen-kuenftig-wohl-ueber-versorgungswerk-31567554.html\" target=\"_blank\" rel=\"noopener noreferrer\">S\u00dcDWEST PRESSE<\/a> der Vorsitzende des Deutschen Gewerkschaftsbundes im S\u00fcdwesten, <a href=\"https:\/\/bw.dgb.de\/ueber-uns\/vorstand\/vorsitzender\" target=\"_blank\" rel=\"noopener noreferrer\">Martin Kunzmann<\/a>, zu dem Umstand, dass sich die Abgeordneten des Baden-W\u00fcrtembergischen Landtags bei der Altersversorgung wohl dem bestehenden Versorgungswerk der Landtage von Nordrhein-Westfalen und Brandenburg anschlie\u00dfen werden. Das dortige <a href=\"https:\/\/www.vlt.nrw.de\" target=\"_blank\" rel=\"noopener noreferrer\">Versorgungswerk<\/a> hat den Weg f\u00fcr die Aufnahme der Baden-W\u00fcrtemberger Abgeordneten frei gemacht, wie die <a href=\"https:\/\/www.stuttgarter-zeitung.de\/inhalt.rentenreform-im-landtag-klappt-abgeordnetenrenten-weg-frei-fuer-reform.f32ae9fd-fb19-487b-b454-d27190530eec.html?reduced=true\" target=\"_blank\" rel=\"noopener noreferrer\">Stuttgarter Zeitung<\/a> berichtet.<\/p>\n<p>&nbsp;<\/p>\n","protected":false},"excerpt":{"rendered":"<p>&#8230; meinte laut der S\u00dcDWEST PRESSE der Vorsitzende des Deutschen Gewerkschaftsbundes im S\u00fcdwesten, Martin Kunzmann, zu dem Umstand, dass sich die Abgeordneten des Baden-W\u00fcrtembergischen Landtags bei der Altersversorgung wohl dem [&#8230;]<\/p>\n","protected":false},"author":13,"featured_media":0,"comment_status":"open","ping_status":"closed","sticky":false,"template":"","format":"standard","meta":{"ngg_post_thumbnail":0,"iawp_total_views":1,"footnotes":""},"categories":[180],"tags":[],"class_list":["post-27003","post","type-post","status-publish","format-standard","hentry","category-versorgungswerke"],"_links":{"self":[{"href":"https:\/\/iuzb.de\/index.php?rest_route=\/wp\/v2\/posts\/27003","targetHints":{"allow":["GET"]}}],"collection":[{"href":"https:\/\/iuzb.de\/index.php?rest_route=\/wp\/v2\/posts"}],"about":[{"href":"https:\/\/iuzb.de\/index.php?rest_route=\/wp\/v2\/types\/post"}],"author":[{"embeddable":true,"href":"https:\/\/iuzb.de\/index.php?rest_route=\/wp\/v2\/users\/13"}],"replies":[{"embeddable":true,"href":"https:\/\/iuzb.de\/index.php?rest_route=%2Fwp%2Fv2%2Fcomments&post=27003"}],"version-history":[{"count":3,"href":"https:\/\/iuzb.de\/index.php?rest_route=\/wp\/v2\/posts\/27003\/revisions"}],"predecessor-version":[{"id":27006,"href":"https:\/\/iuzb.de\/index.php?rest_route=\/wp\/v2\/posts\/27003\/revisions\/27006"}],"wp:attachment":[{"href":"https:\/\/iuzb.de\/index.php?rest_route=%2Fwp%2Fv2%2Fmedia&parent=27003"}],"wp:term":[{"taxonomy":"category","embeddable":true,"href":"https:\/\/iuzb.de\/index.php?rest_route=%2Fwp%2Fv2%2Fcategories&post=27003"},{"taxonomy":"post_tag","embeddable":true,"href":"https:\/\/iuzb.de\/index.php?rest_route=%2Fwp%2Fv2%2Ftags&post=27003"}],"curies":[{"name":"wp","href":"https:\/\/api.w.org\/{rel}","templated":true}]}}