{"id":27000,"date":"2019-06-27T11:09:33","date_gmt":"2019-06-27T09:09:33","guid":{"rendered":"http:\/\/iuzb.de\/?p=27000"},"modified":"2019-06-27T11:09:55","modified_gmt":"2019-06-27T09:09:55","slug":"der-zahnarzt-aus-altdorf-bei-nuernberg","status":"publish","type":"post","link":"https:\/\/iuzb.de\/?p=27000","title":{"rendered":"&#8222;Der Zahnarzt aus Altdorf bei N\u00fcrnberg&#8230;&#8220;"},"content":{"rendered":"<p>Aus der S\u00fcddeutschen Zeitung von heute:<\/p>\n<p><strong>AfD im bayerischen Landtag: Eine Geste der Verachtung<\/strong><\/p>\n<p>So sch\u00e4big wie der AfD-Abgeordnete Ralph M\u00fcller hat sich im Landtag wahrscheinlich noch nie zuvor ein Politiker verhalten. Selbst Beobachtern, die sich seit Jahrzehnten mit dem Parlament besch\u00e4ftigen, f\u00e4llt keine vergleichbare Ungeheuerlichkeit ein: Der Zahnarzt aus Altdorf bei N\u00fcrnberg ist w\u00e4hrend der Gedenkminute f\u00fcr den ermordeten CDU-Politiker Walter L\u00fcbcke einfach sitzen geblieben. M\u00fcller hat dem Opfer eines rechtsextremen T\u00e4ters bewusst die Ehrung verweigert und ihm damit posthum seine Verachtung gezeigt. Als sich danach Emp\u00f6rung im Plenarsaal breitmachte, faselte M\u00fcller etwas von &#8222;moralingetr\u00e4nkter Hexenjagd&#8220;. &#8211; <a href=\"https:\/\/www.sueddeutsche.de\/bayern\/bayern-afd-landtag-eklat-luebcke-kommentar-1.4500598\" target=\"_blank\" rel=\"noopener noreferrer\">weiterlesen<\/a><\/p>\n<p>&nbsp;<\/p>\n","protected":false},"excerpt":{"rendered":"<p>Aus der S\u00fcddeutschen Zeitung von heute: AfD im bayerischen Landtag: Eine Geste der Verachtung So sch\u00e4big wie der AfD-Abgeordnete Ralph M\u00fcller hat sich im Landtag wahrscheinlich noch nie zuvor ein [&#8230;]<\/p>\n","protected":false},"author":13,"featured_media":0,"comment_status":"open","ping_status":"closed","sticky":false,"template":"","format":"standard","meta":{"ngg_post_thumbnail":0,"iawp_total_views":5,"footnotes":""},"categories":[1],"tags":[],"class_list":["post-27000","post","type-post","status-publish","format-standard","hentry","category-allgemein"],"_links":{"self":[{"href":"https:\/\/iuzb.de\/index.php?rest_route=\/wp\/v2\/posts\/27000","targetHints":{"allow":["GET"]}}],"collection":[{"href":"https:\/\/iuzb.de\/index.php?rest_route=\/wp\/v2\/posts"}],"about":[{"href":"https:\/\/iuzb.de\/index.php?rest_route=\/wp\/v2\/types\/post"}],"author":[{"embeddable":true,"href":"https:\/\/iuzb.de\/index.php?rest_route=\/wp\/v2\/users\/13"}],"replies":[{"embeddable":true,"href":"https:\/\/iuzb.de\/index.php?rest_route=%2Fwp%2Fv2%2Fcomments&post=27000"}],"version-history":[{"count":2,"href":"https:\/\/iuzb.de\/index.php?rest_route=\/wp\/v2\/posts\/27000\/revisions"}],"predecessor-version":[{"id":27002,"href":"https:\/\/iuzb.de\/index.php?rest_route=\/wp\/v2\/posts\/27000\/revisions\/27002"}],"wp:attachment":[{"href":"https:\/\/iuzb.de\/index.php?rest_route=%2Fwp%2Fv2%2Fmedia&parent=27000"}],"wp:term":[{"taxonomy":"category","embeddable":true,"href":"https:\/\/iuzb.de\/index.php?rest_route=%2Fwp%2Fv2%2Fcategories&post=27000"},{"taxonomy":"post_tag","embeddable":true,"href":"https:\/\/iuzb.de\/index.php?rest_route=%2Fwp%2Fv2%2Ftags&post=27000"}],"curies":[{"name":"wp","href":"https:\/\/api.w.org\/{rel}","templated":true}]}}