{"id":26835,"date":"2019-06-08T04:50:55","date_gmt":"2019-06-08T02:50:55","guid":{"rendered":"http:\/\/iuzb.de\/?p=26835"},"modified":"2019-06-08T06:13:20","modified_gmt":"2019-06-08T04:13:20","slug":"bundesrat-stimmt-aenderungen-der-zahnaerztlichen-ausbildung-zu","status":"publish","type":"post","link":"https:\/\/iuzb.de\/?p=26835","title":{"rendered":"Bundesrat stimmt \u00c4nderungen der zahn\u00e4rztlichen Ausbildung zu"},"content":{"rendered":"<p style=\"text-align: justify;\">Der Bundesrat hat am 7. Juni 2019 \u00c4nderungen an der zahn\u00e4rztlichen Ausbildung zugestimmt. So wie die Reform 2017 urspr\u00fcnglich von der Bundesregierung vorgelegt wurde, kommt sie allerdings nicht: Die beabsichtigte gemeinsame Ausbildung in den Studieng\u00e4ngen Zahnmedizin und Humanmedizin im vorklinischen Abschnitt lehnt der Bundesrat mit seinem Ma\u00dfgabenbeschluss ab.<\/p>\n<p style=\"text-align: justify;\"><strong>Getrennte Ausbildung in Zahnmedizin und Humanmedizin bleibt vorerst<\/strong><br \/>\nDamit bleibt es vorerst bei der getrennten Ausbildung von Zahn- und Humanmedizinern. Die L\u00e4nder begr\u00fcnden ihre Ablehnung der Zusammenlegung beider vorklinischen Ausbildungen damit, dass eine solch grundlegende Reform auch die Weiterentwicklung der allgemeinen medizinischen Ausbildung umfassen sollte. Diese werde allerdings erst im Rahmen des Prozesses zum Masterplan Medizinstudium 2020 zwischen Bund und L\u00e4ndern ausgehandelt.<\/p>\n<p style=\"text-align: justify;\"><strong>Die \u00c4nderungen im Einzelnen<\/strong><br \/>\nDamit \u00e4ndert die aktuell beschlossene Verordnung nur die zahn\u00e4rztlichen Inhalte der Approbationsordnung, die seit 1955 weitgehend unver\u00e4ndert gilt. Das Studium gliedert sich danach k\u00fcnftig in einen viersemestrigen vorklinischen und einen sechssemestrigen klinischen Studienabschnitt. Die ersten vier Semester enden mit dem &#8222;Ersten Abschnitt der Zahn\u00e4rztlichen Pr\u00fcfung&#8220;, die in der vorlesungsfreien Zeit stattfinden soll.<\/p>\n<p style=\"text-align: justify;\"><strong>Ausbildung am Phantom und am Patienten<\/strong><br \/>\nDer klinische Abschnitt besteht aus zwei Semestern anhand standardisierter Ausbildungssituationen &#8222;am Phantom&#8220; und vier Semestern mit Ausbildung am Patienten. Auch hier folgen jeweils staatliche Pr\u00fcfungen.<\/p>\n<p style=\"text-align: justify;\"><strong>Bundesrat warnt vor reduzierten Studienpl\u00e4tzen<\/strong><br \/>\nEin weiterer wichtiger Aspekt: In den Praxisteilen des Zahnmedizinstudiums soll das Zahlenverh\u00e4ltnis von Lehrenden zu Studierenden verbessert werden: im so genannten Phantomkurs von 1:20 auf 1:15 und im Unterricht am Patienten von bisher 1:6 auf 1:3. In einer begleitenden Entschlie\u00dfung warnt der Bundesrat jedoch davor, dass die kleineren Lerngruppen nicht zu einer verringerten Studienplatzkapazit\u00e4t f\u00fchren d\u00fcrfen. Schlie\u00dflich sei der Versorgungsbedarf unver\u00e4ndert hoch. Insofern bittet er die Bundesregierung darum, diese Frage im Dialog mit den L\u00e4ndern zu kl\u00e4ren.<\/p>\n<p style=\"text-align: justify;\"><strong>\u00c4nderungen bei den Ausbildungsinhalten<\/strong><br \/>\nEbenfalls Teil der Reform ist die Neugewichtung der bisherigen Ausbildungsinhalte sowie die St\u00e4rkung des Strahlenschutzes und der wissenschaftlichen Kompetenz der Studierenden. Letztere soll als Querschnittsfach eingef\u00fchrt werden.<\/p>\n<p style=\"text-align: justify;\"><strong>Inkrafttreten<\/strong><br \/>\nSetzt die Bundesregierung die \u00c4nderungen des Bundesrates um, dann kann sie die Verordnung im Bundesgesetzblatt verk\u00fcnden und zum 1. Oktober 2020 in Kraft treten lassen.<\/p>\n<p>&nbsp;<\/p>\n<p>Quelle: Bundesrat, <a href=\"https:\/\/www.bundesrat.de\/DE\/plenum\/bundesrat-kompakt\/19\/978\/978-pk.html;jsessionid=4B1BCD30034E670A5DAB028ECBABC1FE.2_cid339\" target=\"_blank\" rel=\"noopener noreferrer\">978. Sitzung<\/a> vom 07.06.2019, Rechtsverordnungen, TOP 40<br \/>\nBeschlussdrucksache: <a href=\"https:\/\/www.bundesrat.de\/drs.html?id=270-19%28B%29\" target=\"_blank\" rel=\"noopener noreferrer\">Verordnung zur Neuregelung der zahn\u00e4rztlichen Ausbildung<\/a><br \/>\n<a href=\"https:\/\/www.bundesrat.de\/SharedDocs\/beratungsvorgaenge\/2017\/0501-0600\/0592-17.html\" target=\"_blank\" rel=\"noopener noreferrer\">Zugeh\u00f6rige Drucksachen<\/a><\/p>\n","protected":false},"excerpt":{"rendered":"<p>Der Bundesrat hat am 7. Juni 2019 \u00c4nderungen an der zahn\u00e4rztlichen Ausbildung zugestimmt. So wie die Reform 2017 urspr\u00fcnglich von der Bundesregierung vorgelegt wurde, kommt sie allerdings nicht: Die beabsichtigte [&#8230;]<\/p>\n","protected":false},"author":13,"featured_media":0,"comment_status":"open","ping_status":"closed","sticky":false,"template":"","format":"standard","meta":{"ngg_post_thumbnail":0,"iawp_total_views":0,"footnotes":""},"categories":[68],"tags":[],"class_list":["post-26835","post","type-post","status-publish","format-standard","hentry","category-recht"],"_links":{"self":[{"href":"https:\/\/iuzb.de\/index.php?rest_route=\/wp\/v2\/posts\/26835","targetHints":{"allow":["GET"]}}],"collection":[{"href":"https:\/\/iuzb.de\/index.php?rest_route=\/wp\/v2\/posts"}],"about":[{"href":"https:\/\/iuzb.de\/index.php?rest_route=\/wp\/v2\/types\/post"}],"author":[{"embeddable":true,"href":"https:\/\/iuzb.de\/index.php?rest_route=\/wp\/v2\/users\/13"}],"replies":[{"embeddable":true,"href":"https:\/\/iuzb.de\/index.php?rest_route=%2Fwp%2Fv2%2Fcomments&post=26835"}],"version-history":[{"count":5,"href":"https:\/\/iuzb.de\/index.php?rest_route=\/wp\/v2\/posts\/26835\/revisions"}],"predecessor-version":[{"id":26840,"href":"https:\/\/iuzb.de\/index.php?rest_route=\/wp\/v2\/posts\/26835\/revisions\/26840"}],"wp:attachment":[{"href":"https:\/\/iuzb.de\/index.php?rest_route=%2Fwp%2Fv2%2Fmedia&parent=26835"}],"wp:term":[{"taxonomy":"category","embeddable":true,"href":"https:\/\/iuzb.de\/index.php?rest_route=%2Fwp%2Fv2%2Fcategories&post=26835"},{"taxonomy":"post_tag","embeddable":true,"href":"https:\/\/iuzb.de\/index.php?rest_route=%2Fwp%2Fv2%2Ftags&post=26835"}],"curies":[{"name":"wp","href":"https:\/\/api.w.org\/{rel}","templated":true}]}}