{"id":26779,"date":"2019-05-31T20:29:05","date_gmt":"2019-05-31T18:29:05","guid":{"rendered":"http:\/\/iuzb.de\/?p=26779"},"modified":"2019-05-31T20:31:09","modified_gmt":"2019-05-31T18:31:09","slug":"telematik-faz-schwenkt-um","status":"publish","type":"post","link":"https:\/\/iuzb.de\/?p=26779","title":{"rendered":"Telematik: FAZ schwenkt um"},"content":{"rendered":"<p>Bisher war die Berichterstattung in den Medien zur TI zur\u00fcckhaltend. Es gab eine klare Rollenverteilung: Digitalisierung ist gut, hilft Krankheiten zu heilen, macht Arztkommunikation sicher und schneller \u2013 Spahn ist ihr Vorantreiber! Und auf der anderen Seite: bockige, gestrige Mediziner mit Abneigungen gegen alles Neue\u2026.<\/p>\n<p>Nun schwenkt die FAZ um* und ich sehe meine Argumente auftauchen, warum ich die TI ablehne:<\/p>\n<ol>\n<li>Zwang(sanschluss)<\/li>\n<li>Versteckte Zusatzkosten \u00fcber Jahre und nicht endene<\/li>\n<li>Strafh\u00f6henverh\u00e4ltnism\u00e4\u00dfigkeit ( mit der angek\u00fcndigten Erh\u00f6hung des Strafma\u00dfes auf 2,5 % ist man von der Strafh\u00f6he wie ein Schwerkrimineller diskriminiert! Denn dann ergeben sich schnell f\u00fcr viele Praxen Betr\u00e4ge im 5stelligen Bereich! )<\/li>\n<li>Und nat\u00fcrlich die Sicherheitslage, die selbst Herr Kelber , dem Bundesbeauftragten f\u00fcr den Datenschutz, aufgefallen ist\u2026<\/li>\n<\/ol>\n<p>F\u00fcr alle, die TI Verweigerer sind und f\u00fcr alle, die JETZT den St\u00f6psel ziehen, macht der Artikel Mut, dass wir geh\u00f6rt werden.<\/p>\n<p>Juristisch bin ich am Vorbereiten, wie man sich wo am besten wehrt. Noch sind ja keine Strafbefehle der KZV an uns raus\u2026.<\/p>\n<p>&nbsp;<\/p>\n<p><a href=\"https:\/\/www.verchkaner.de\/zahnaerzte\/stefanverch\/\" target=\"_blank\" rel=\"noopener noreferrer\">Stefan Verch<\/a><\/p>\n<p><a href=\"https:\/\/www.verchkaner.de\/zahnaerzte\/stefanverch\/\" target=\"_blank\" rel=\"noopener noreferrer\"><img loading=\"lazy\" decoding=\"async\" class=\"alignnone size-full wp-image-26543\" src=\"https:\/\/iuzb.de\/wp-content\/uploads\/2019\/04\/Dr.StefanVerch.jpg\" alt=\"\" width=\"514\" height=\"226\" srcset=\"https:\/\/iuzb.de\/wp-content\/uploads\/2019\/04\/Dr.StefanVerch.jpg 514w, https:\/\/iuzb.de\/wp-content\/uploads\/2019\/04\/Dr.StefanVerch-273x120.jpg 273w, https:\/\/iuzb.de\/wp-content\/uploads\/2019\/04\/Dr.StefanVerch-450x198.jpg 450w\" sizes=\"auto, (max-width: 514px) 100vw, 514px\" \/><\/a><\/p>\n<p>&nbsp;<\/p>\n<p>*Siehe hier, leider FAZ+ und daher kostenpflichtig:<\/p>\n<ul>\n<li>FAZ, 31.05.2019:<br \/>\n<a href=\"https:\/\/www.faz.net\/aktuell\/wirtschaft\/aerzte-aeussern-sorgen-um-aufbau-eines-sicheren-it-netzes-16213912.html?premium\" target=\"_blank\" rel=\"noopener noreferrer\">Infrastruktur in der Medizin : \u201eWir sind keine Digitalisierungsverweigerer\u201c<\/a><\/li>\n<\/ul>\n","protected":false},"excerpt":{"rendered":"<p>Bisher war die Berichterstattung in den Medien zur TI zur\u00fcckhaltend. Es gab eine klare Rollenverteilung: Digitalisierung ist gut, hilft Krankheiten zu heilen, macht Arztkommunikation sicher und schneller \u2013 Spahn ist [&#8230;]<\/p>\n","protected":false},"author":13,"featured_media":0,"comment_status":"open","ping_status":"closed","sticky":false,"template":"","format":"standard","meta":{"ngg_post_thumbnail":0,"iawp_total_views":0,"footnotes":""},"categories":[252],"tags":[],"class_list":["post-26779","post","type-post","status-publish","format-standard","hentry","category-telematik"],"_links":{"self":[{"href":"https:\/\/iuzb.de\/index.php?rest_route=\/wp\/v2\/posts\/26779","targetHints":{"allow":["GET"]}}],"collection":[{"href":"https:\/\/iuzb.de\/index.php?rest_route=\/wp\/v2\/posts"}],"about":[{"href":"https:\/\/iuzb.de\/index.php?rest_route=\/wp\/v2\/types\/post"}],"author":[{"embeddable":true,"href":"https:\/\/iuzb.de\/index.php?rest_route=\/wp\/v2\/users\/13"}],"replies":[{"embeddable":true,"href":"https:\/\/iuzb.de\/index.php?rest_route=%2Fwp%2Fv2%2Fcomments&post=26779"}],"version-history":[{"count":3,"href":"https:\/\/iuzb.de\/index.php?rest_route=\/wp\/v2\/posts\/26779\/revisions"}],"predecessor-version":[{"id":26787,"href":"https:\/\/iuzb.de\/index.php?rest_route=\/wp\/v2\/posts\/26779\/revisions\/26787"}],"wp:attachment":[{"href":"https:\/\/iuzb.de\/index.php?rest_route=%2Fwp%2Fv2%2Fmedia&parent=26779"}],"wp:term":[{"taxonomy":"category","embeddable":true,"href":"https:\/\/iuzb.de\/index.php?rest_route=%2Fwp%2Fv2%2Fcategories&post=26779"},{"taxonomy":"post_tag","embeddable":true,"href":"https:\/\/iuzb.de\/index.php?rest_route=%2Fwp%2Fv2%2Ftags&post=26779"}],"curies":[{"name":"wp","href":"https:\/\/api.w.org\/{rel}","templated":true}]}}